{"id":12673,"date":"2017-03-30T15:09:34","date_gmt":"2017-03-30T15:09:34","guid":{"rendered":"http:\/\/www.kunstinvestor.at\/aktuell\/?p=12673"},"modified":"2017-03-30T15:09:34","modified_gmt":"2017-03-30T15:09:34","slug":"acting-for-the-camera","status":"publish","type":"post","link":"http:\/\/www.kunstinvestor.at\/aktuell\/acting-for-the-camera\/","title":{"rendered":"Acting for the Camera"},"content":{"rendered":"<table>\n<tbody>\n<tr>\n<td width=\"707\"><img loading=\"lazy\" decoding=\"async\" class=\"aligncenter wp-image-12675\" title=\"Will McBride, Romy Schneider in Paris, 1964, Abzug 2001. Silbergelatinepapier- Albertina, Wien \u00a9 \" src=\"http:\/\/www.kunstinvestor.at\/aktuell\/wp-content\/uploads\/0x3BB46247B43824FA416A4ABECDC32278.jpeg\" alt=\"\" width=\"585\" height=\"386\" \/><\/td>\n<\/tr>\n<\/tbody>\n<\/table>\n<p>Mit rund 120 Werken aus der Fotosammlung der Albertina untersucht die Ausstellung Acting for the Camera die vielf\u00e4ltigen Formen von (Selbst-)Inszenierungen von Modellen f\u00fcr die Foto-kamera. Die Zeitspanne der Aufnahmen reicht von den 1850er-Jahren bis in die Gegenwart und bietet sowohl einen Querschnitt der Fotografiegeschichte als auch der Vielfalt der hauseigenen Sammlung. Die sechs thematischen Schwerpunkte bilden Bewegungsstudien, Studienvorlagen, Tanz, Bildergeschichten, SchauspielerInnenportr\u00e4ts und Aktionistische Inszenierungen des K\u00f6rpers. Fotografien liegen vielschichtige Formen der Zusammenarbeit zwischen dem Modell vor und der Person hinter der Kamera zugrunde. Manche der Modelle setzen sich auf Anweisungen der FotografInnen in Szene, andere Aufnahmen gehen als gemeinsamer kreativer Prozess aus der gleichberechtigen Kooperation zwischen Modell und FotografIn hervor. In manchen F\u00e4llen wird jedoch auch nach minuti\u00f6sen Vorgaben der Modelle aufgenommen. Mit wissenschaftlichen Fotostudien k\u00f6nnen erstmals menschliche Bewegungsprozesse f\u00fcr das menschliche Auge sichtbar gemacht werden. Anonyme Modelle stellen sich etwa f\u00fcr die Fotografien von Ottomar Ansch\u00fctz um 1890 zur Verf\u00fcgung, um Abl\u00e4ufe wie den Speerwurf nachvollziehbar zu machen. Die Abgebildeten agieren hier auf genaue Anweisung der Fotografen. Mittels dieser Fotos werden Bewegungsmuster \u201egesunder\u201c und \u201eungesunder\u201c K\u00f6rper verglichen und medizinische Theorien visuell belegt. Wie die Bewegungsstudien dienen Johann Victor Kr\u00e4mers inszenierte Studioaufnahmen ebenso wie Otto Schmidts Akte als Vorlage f\u00fcr K\u00fcnstlerInnen, manche davon werden auch als porno-grafische Bilder \u201eunter dem Ladentisch\u201c gehandelt. Eine starke wechselseitige Beeinflussung findet auch zwischen Fotografie und Tanz statt. Der moderne Ausdruckstanz war zu Beginn des 20. Jahrhunderts eine Kunstform der Avantgarde. T\u00e4nzerInnen arbeiten eng mit FotografInnen zusammen, um Auff\u00fchrungen festzuhalten und zu verbreiten.<\/p>\n<table>\n<tbody>\n<tr>\n<td width=\"354\"><img loading=\"lazy\" decoding=\"async\" class=\"aligncenter wp-image-12679\" title=\"Hugo Erfurth, Clotilde von Derp-Sacharoff, um 1928, Silbergelatinepapier- Albertina, Wien \u00a9 \" src=\"http:\/\/www.kunstinvestor.at\/aktuell\/wp-content\/uploads\/0xDBCA250C4263EED3F6D86572FD20CE20.jpeg\" alt=\"\" width=\"286\" height=\"390\" srcset=\"http:\/\/www.kunstinvestor.at\/aktuell\/wp-content\/uploads\/0xDBCA250C4263EED3F6D86572FD20CE20.jpeg 328w, http:\/\/www.kunstinvestor.at\/aktuell\/wp-content\/uploads\/0xDBCA250C4263EED3F6D86572FD20CE20-220x300.jpeg 220w\" sizes=\"(max-width: 286px) 100vw, 286px\" \/><\/td>\n<td width=\"354\"><img loading=\"lazy\" decoding=\"async\" class=\"aligncenter wp-image-12678\" title=\"Trude Fleischmann, Die Schauspielerin und T\u00e4nzerin Lucy Kieselhausen, um 1925, Silbergelatinepapier- Albertina, Wien \u00a9\" src=\"http:\/\/www.kunstinvestor.at\/aktuell\/wp-content\/uploads\/0xAF5CC2877190CDE59BBF779FEA5D8468.jpeg\" alt=\"\" width=\"266\" height=\"390\" \/><\/td>\n<\/tr>\n<\/tbody>\n<\/table>\n<p>Diese Partnerschaft erm\u00f6glicht ausdrucksstarke Inszenierungen, die stilpr\u00e4gend f\u00fcr ihre Zeit sind. Ihre expressiven Gesten nimmt wiederum Anton Josef Tr\u010dka auf, wenn er Egon Schiele mit t\u00e4nzerisch anmutender Handhaltung posieren l\u00e4sst. Portr\u00e4ts bekannter SchauspielerInnen wie die lachende Romy Schneider sowie Rollenportr\u00e4ts im Rahmen von Filmproduktionen entstehen in den Wiener Ateliers, etwa von Trude Fleischmann oder Madame d\u2019Ora. Diese ikonischen Aufnahmen bilden einen weiteren Schwerpunkt der Schau. So wie klassische Portr\u00e4ts die Pers\u00f6nlichkeit der Abgebildeten vermitteln, kann in der Fotografie im Gegenteil auch der K\u00f6rper als reines Material in Szene gesetzt werden. Helmar Lerski betrachtet das menschliche Gesicht wie eine Landschaft, die durch Licht und Schatten modelliert werden kann. John Coplans wiederum erforscht seinen nackten alternden K\u00f6rper zentimetergenau, bildet sich ohne Kopf ab und hinterfragt damit Inszenierungen von M\u00e4nnlichkeit und gesellschaftliche Normen.Auch beim Aktionismus stellt sich der K\u00fcnstler selbst als Bildsujet ins Zentrum. Rudolf Schwarzkogler, der sich Ende der 1960er-Jahre mumiengleich in Mullbinden wickelt oder G\u00fcnter Brus inszenieren Performances eigens f\u00fcr die Fotokamera. Die j\u00fcngsten Werke von Acting for the Camera reichen bis hin zu Erwin Wurms One Minute Sculptures, f\u00fcr die Modelle sich mit Alltagsgegenst\u00e4nden f\u00fcr den K\u00fcnstler in skurrile Posen werfen. (Foto: \u00a9 Albertina)<\/p>\n<table>\n<tbody>\n<tr>\n<td width=\"354\"><img loading=\"lazy\" decoding=\"async\" class=\"aligncenter wp-image-12677\" title=\"Seiichi Furuya, Christine Furuya-G\u00f6ssler, 1983; Abzug: 1988, Silbergelatinepapier- Albertina, Wien \u00a9 \" src=\"http:\/\/www.kunstinvestor.at\/aktuell\/wp-content\/uploads\/0xAAED182D831A483D1E913E1846E3F96D.jpeg\" alt=\"\" width=\"262\" height=\"388\" \/><\/td>\n<td width=\"354\"><img loading=\"lazy\" decoding=\"async\" class=\"aligncenter wp-image-12676\" title=\"Dora Kallmus, Arthur Benda, Anita Berber und Sebastian Droste in ihrem Tanz 'M\u00e4rtyrer', 1922, Silbergelatinepapier- Albertina, Wien \u00a9 \" src=\"http:\/\/www.kunstinvestor.at\/aktuell\/wp-content\/uploads\/0x5C657181D123A229CDFEDBE69F1A8EC4.jpeg\" alt=\"\" width=\"295\" height=\"389\" \/><\/td>\n<\/tr>\n<\/tbody>\n<\/table>\n<p>&nbsp;<\/p>\n<table>\n<tbody>\n<tr>\n<td width=\"707\">\n<h6 style=\"text-align: left;\"><em><strong><span style=\"color: #0000ff;\"><span style=\"color: #000000;\"><a href=\"http:\/\/www.kunstinvestor.at\/aktuell\/wp-content\/uploads\/6-1.jpg\"><img loading=\"lazy\" decoding=\"async\" class=\"size-full wp-image-12585 alignnone\" src=\"http:\/\/www.kunstinvestor.at\/aktuell\/wp-content\/uploads\/6-1.jpg\" alt=\"\" width=\"864\" height=\"22\" srcset=\"http:\/\/www.kunstinvestor.at\/aktuell\/wp-content\/uploads\/6-1.jpg 864w, http:\/\/www.kunstinvestor.at\/aktuell\/wp-content\/uploads\/6-1-300x8.jpg 300w, http:\/\/www.kunstinvestor.at\/aktuell\/wp-content\/uploads\/6-1-768x20.jpg 768w, http:\/\/www.kunstinvestor.at\/aktuell\/wp-content\/uploads\/6-1-700x18.jpg 700w, http:\/\/www.kunstinvestor.at\/aktuell\/wp-content\/uploads\/6-1-332x8.jpg 332w\" sizes=\"(max-width: 864px) 100vw, 864px\" \/><\/a><a href=\"http:\/\/www.kunstinvestor.at\/aktuell\/wp-content\/uploads\/6-1.jpg\"><img loading=\"lazy\" decoding=\"async\" class=\"size-full wp-image-12585 alignnone\" src=\"http:\/\/www.kunstinvestor.at\/aktuell\/wp-content\/uploads\/6-1.jpg\" alt=\"\" width=\"864\" height=\"22\" srcset=\"http:\/\/www.kunstinvestor.at\/aktuell\/wp-content\/uploads\/6-1.jpg 864w, http:\/\/www.kunstinvestor.at\/aktuell\/wp-content\/uploads\/6-1-300x8.jpg 300w, http:\/\/www.kunstinvestor.at\/aktuell\/wp-content\/uploads\/6-1-768x20.jpg 768w, http:\/\/www.kunstinvestor.at\/aktuell\/wp-content\/uploads\/6-1-700x18.jpg 700w, http:\/\/www.kunstinvestor.at\/aktuell\/wp-content\/uploads\/6-1-332x8.jpg 332w\" sizes=\"(max-width: 864px) 100vw, 864px\" \/><\/a><\/span><\/span><\/strong><\/em><em><strong><span style=\"color: #0000ff;\"><span style=\"color: #000000;\">Lesen Sie das e-Magazine KUNSTINVESTOR, wie ein gedrucktes Printprodukt am Bildschirm\u00a0als\u00a0Ihr kostenloses Leseexemplar.<br \/>\n<\/span><\/span><\/strong><\/em><em><strong><span style=\"color: #0000ff;\">Ein Moment bitte, Magazin-Download l\u00e4uft&#8230;&#8230;&#8230;&#8230;&#8230;&#8230;&#8230;&#8230;&#8230;.. zum Lesen anklicken<\/span><\/strong><\/em><\/h6>\n<div class=\"issuuembed\" style=\"width: 525px; height: 371px;\" data-configid=\"27777468\/46558844\"><\/div>\n<p><script type=\"text\/javascript\" src=\"\/\/e.issuu.com\/embed.js\" async=\"true\"><\/script><\/p>\n<p><em><strong><span style=\"color: #0000ff;\"><span style=\"color: #000000;\"><a href=\"http:\/\/www.kunstinvestor.at\/aktuell\/wp-content\/uploads\/6-1.jpg\"><img loading=\"lazy\" decoding=\"async\" class=\"size-full wp-image-12585 alignnone\" src=\"http:\/\/www.kunstinvestor.at\/aktuell\/wp-content\/uploads\/6-1.jpg\" alt=\"\" width=\"864\" height=\"22\" srcset=\"http:\/\/www.kunstinvestor.at\/aktuell\/wp-content\/uploads\/6-1.jpg 864w, http:\/\/www.kunstinvestor.at\/aktuell\/wp-content\/uploads\/6-1-300x8.jpg 300w, http:\/\/www.kunstinvestor.at\/aktuell\/wp-content\/uploads\/6-1-768x20.jpg 768w, http:\/\/www.kunstinvestor.at\/aktuell\/wp-content\/uploads\/6-1-700x18.jpg 700w, http:\/\/www.kunstinvestor.at\/aktuell\/wp-content\/uploads\/6-1-332x8.jpg 332w\" sizes=\"(max-width: 864px) 100vw, 864px\" \/><\/a><a href=\"http:\/\/www.kunstinvestor.at\/aktuell\/wp-content\/uploads\/6-1.jpg\"><img loading=\"lazy\" decoding=\"async\" class=\"size-full wp-image-12585 alignnone\" src=\"http:\/\/www.kunstinvestor.at\/aktuell\/wp-content\/uploads\/6-1.jpg\" alt=\"\" width=\"864\" height=\"22\" srcset=\"http:\/\/www.kunstinvestor.at\/aktuell\/wp-content\/uploads\/6-1.jpg 864w, http:\/\/www.kunstinvestor.at\/aktuell\/wp-content\/uploads\/6-1-300x8.jpg 300w, http:\/\/www.kunstinvestor.at\/aktuell\/wp-content\/uploads\/6-1-768x20.jpg 768w, http:\/\/www.kunstinvestor.at\/aktuell\/wp-content\/uploads\/6-1-700x18.jpg 700w, http:\/\/www.kunstinvestor.at\/aktuell\/wp-content\/uploads\/6-1-332x8.jpg 332w\" sizes=\"(max-width: 864px) 100vw, 864px\" \/><\/a><\/span><\/span><\/strong><\/em><\/td>\n<\/tr>\n<\/tbody>\n<\/table>\n<p><img loading=\"lazy\" decoding=\"async\" class=\"size-full wp-image-9314 alignleft\" src=\"http:\/\/www.kunstinvestor.at\/aktuell\/wp-content\/uploads\/die-Linie-ses-KunstMagazins.png\" alt=\"die Linie ses KunstMagazins\" width=\"974\" height=\"14\" srcset=\"http:\/\/www.kunstinvestor.at\/aktuell\/wp-content\/uploads\/die-Linie-ses-KunstMagazins.png 974w, http:\/\/www.kunstinvestor.at\/aktuell\/wp-content\/uploads\/die-Linie-ses-KunstMagazins-300x4.png 300w, http:\/\/www.kunstinvestor.at\/aktuell\/wp-content\/uploads\/die-Linie-ses-KunstMagazins-700x10.png 700w, http:\/\/www.kunstinvestor.at\/aktuell\/wp-content\/uploads\/die-Linie-ses-KunstMagazins-332x5.png 332w\" sizes=\"(max-width: 974px) 100vw, 974px\" \/><img loading=\"lazy\" decoding=\"async\" class=\" size-full wp-image-9314 aligncenter\" src=\"http:\/\/www.kunstinvestor.at\/aktuell\/wp-content\/uploads\/die-Linie-ses-KunstMagazins.png\" alt=\"die Linie ses KunstMagazins\" width=\"974\" height=\"14\" srcset=\"http:\/\/www.kunstinvestor.at\/aktuell\/wp-content\/uploads\/die-Linie-ses-KunstMagazins.png 974w, http:\/\/www.kunstinvestor.at\/aktuell\/wp-content\/uploads\/die-Linie-ses-KunstMagazins-300x4.png 300w, http:\/\/www.kunstinvestor.at\/aktuell\/wp-content\/uploads\/die-Linie-ses-KunstMagazins-700x10.png 700w, http:\/\/www.kunstinvestor.at\/aktuell\/wp-content\/uploads\/die-Linie-ses-KunstMagazins-332x5.png 332w\" sizes=\"(max-width: 974px) 100vw, 974px\" \/><\/p>\n<table>\n<tbody>\n<tr>\n<td width=\"707\">\n<h2><a href=\"https:\/\/goo.gl\/7rmL4a\" target=\"_blank\"><span style=\"color: #000000;\"><strong>PDF-MAGAZIN(<\/strong><\/span><strong><span style=\"color: #0000ff;\">DOWNLOAD<\/span><span style=\"color: #000000;\">)<\/span><\/strong><\/a><\/h2>\n<\/td>\n<\/tr>\n<\/tbody>\n<\/table>\n<p><strong><img loading=\"lazy\" decoding=\"async\" class=\"size-full wp-image-9314 alignleft\" src=\"http:\/\/www.kunstinvestor.at\/aktuell\/wp-content\/uploads\/die-Linie-ses-KunstMagazins.png\" alt=\"die Linie ses KunstMagazins\" width=\"974\" height=\"14\" srcset=\"http:\/\/www.kunstinvestor.at\/aktuell\/wp-content\/uploads\/die-Linie-ses-KunstMagazins.png 974w, http:\/\/www.kunstinvestor.at\/aktuell\/wp-content\/uploads\/die-Linie-ses-KunstMagazins-300x4.png 300w, http:\/\/www.kunstinvestor.at\/aktuell\/wp-content\/uploads\/die-Linie-ses-KunstMagazins-700x10.png 700w, http:\/\/www.kunstinvestor.at\/aktuell\/wp-content\/uploads\/die-Linie-ses-KunstMagazins-332x5.png 332w\" sizes=\"(max-width: 974px) 100vw, 974px\" \/><img loading=\"lazy\" decoding=\"async\" class=\"size-full wp-image-9314 aligncenter\" src=\"http:\/\/www.kunstinvestor.at\/aktuell\/wp-content\/uploads\/die-Linie-ses-KunstMagazins.png\" alt=\"die Linie ses KunstMagazins\" width=\"974\" height=\"14\" srcset=\"http:\/\/www.kunstinvestor.at\/aktuell\/wp-content\/uploads\/die-Linie-ses-KunstMagazins.png 974w, http:\/\/www.kunstinvestor.at\/aktuell\/wp-content\/uploads\/die-Linie-ses-KunstMagazins-300x4.png 300w, http:\/\/www.kunstinvestor.at\/aktuell\/wp-content\/uploads\/die-Linie-ses-KunstMagazins-700x10.png 700w, http:\/\/www.kunstinvestor.at\/aktuell\/wp-content\/uploads\/die-Linie-ses-KunstMagazins-332x5.png 332w\" sizes=\"(max-width: 974px) 100vw, 974px\" \/><\/strong><\/p>\n<p>&nbsp;<\/p>\n<table>\n<tbody>\n<tr>\n<td width=\"614\"><iframe loading=\"lazy\" src=\"https:\/\/www.youtube.com\/embed\/yZLD7uKK9po?rel=0&amp;controls=0&amp;showinfo=0\" width=\"560\" height=\"315\" frameborder=\"0\" allowfullscreen=\"allowfullscreen\"><\/iframe><\/td>\n<\/tr>\n<\/tbody>\n<\/table>\n<p><span style=\"color: #000000;\"><strong><img loading=\"lazy\" decoding=\"async\" class=\"size-full wp-image-9314 alignleft\" src=\"http:\/\/www.kunstinvestor.at\/aktuell\/wp-content\/uploads\/die-Linie-ses-KunstMagazins.png\" alt=\"die Linie ses KunstMagazins\" width=\"974\" height=\"14\" srcset=\"http:\/\/www.kunstinvestor.at\/aktuell\/wp-content\/uploads\/die-Linie-ses-KunstMagazins.png 974w, http:\/\/www.kunstinvestor.at\/aktuell\/wp-content\/uploads\/die-Linie-ses-KunstMagazins-300x4.png 300w, http:\/\/www.kunstinvestor.at\/aktuell\/wp-content\/uploads\/die-Linie-ses-KunstMagazins-700x10.png 700w, http:\/\/www.kunstinvestor.at\/aktuell\/wp-content\/uploads\/die-Linie-ses-KunstMagazins-332x5.png 332w\" sizes=\"(max-width: 974px) 100vw, 974px\" \/><\/strong><\/span><img loading=\"lazy\" decoding=\"async\" class=\"size-full wp-image-9314 aligncenter\" src=\"http:\/\/www.kunstinvestor.at\/aktuell\/wp-content\/uploads\/die-Linie-ses-KunstMagazins.png\" alt=\"die Linie ses KunstMagazins\" width=\"974\" height=\"14\" srcset=\"http:\/\/www.kunstinvestor.at\/aktuell\/wp-content\/uploads\/die-Linie-ses-KunstMagazins.png 974w, http:\/\/www.kunstinvestor.at\/aktuell\/wp-content\/uploads\/die-Linie-ses-KunstMagazins-300x4.png 300w, http:\/\/www.kunstinvestor.at\/aktuell\/wp-content\/uploads\/die-Linie-ses-KunstMagazins-700x10.png 700w, http:\/\/www.kunstinvestor.at\/aktuell\/wp-content\/uploads\/die-Linie-ses-KunstMagazins-332x5.png 332w\" sizes=\"(max-width: 974px) 100vw, 974px\" \/><\/p>\n<table>\n<tbody>\n<tr>\n<td width=\"614\">\n<h4><strong>Profitieren Sie\u00a0mit KUNSTINVESTOR, indem Sie die<br \/>\nKunst\u00a0und Gegenwart sinnvoll verkn\u00fcpfen<\/strong><strong><a href=\"http:\/\/www.kunstinvestor.at\/\" target=\"_blank\"><img loading=\"lazy\" decoding=\"async\" class=\"size-full wp-image-11606 aligncenter\" src=\"http:\/\/www.kunstinvestor.at\/aktuell\/wp-content\/uploads\/Kunstinvestor-3.jpg\" alt=\"kunstinvestor\" width=\"448\" height=\"70\" srcset=\"http:\/\/www.kunstinvestor.at\/aktuell\/wp-content\/uploads\/Kunstinvestor-3.jpg 448w, http:\/\/www.kunstinvestor.at\/aktuell\/wp-content\/uploads\/Kunstinvestor-3-300x47.jpg 300w, http:\/\/www.kunstinvestor.at\/aktuell\/wp-content\/uploads\/Kunstinvestor-3-332x52.jpg 332w\" sizes=\"(max-width: 448px) 100vw, 448px\" \/><\/a>Sie finden uns auch auf den u. a. &#8218;Social Media&#8216;- Websites<\/strong><\/h4>\n<\/td>\n<\/tr>\n<\/tbody>\n<\/table>\n<table>\n<tbody>\n<tr>\n<td width=\"177\"><a href=\"http:\/\/twitter.kunstinvestor.at\" target=\"_blank\"><img loading=\"lazy\" decoding=\"async\" class=\"size-full wp-image-11600 aligncenter\" src=\"http:\/\/www.kunstinvestor.at\/aktuell\/wp-content\/uploads\/twitter.png\" alt=\"twitter\" width=\"80\" height=\"80\" \/><\/a><\/td>\n<td width=\"177\"><a href=\"http:\/\/tumblr.kunstinvestor.at\" target=\"_blank\"><img loading=\"lazy\" decoding=\"async\" class=\"size-full wp-image-11599 aligncenter\" src=\"http:\/\/www.kunstinvestor.at\/aktuell\/wp-content\/uploads\/tumblr.png\" alt=\"tumblr\" width=\"80\" height=\"80\" \/><\/a><\/td>\n<td width=\"177\"><a href=\"https:\/\/www.pinterest.com\/kunstinvestor\/kunst-als-kapitalanlage\/\" target=\"_blank\"><img loading=\"lazy\" decoding=\"async\" class=\" wp-image-12358 aligncenter\" src=\"http:\/\/www.kunstinvestor.at\/aktuell\/wp-content\/uploads\/pinterest.png\" alt=\"\" width=\"92\" height=\"91\" \/><\/a><\/td>\n<td width=\"177\"><a href=\"http:\/\/google.kunstinvestor.at\" target=\"_blank\"><img loading=\"lazy\" decoding=\"async\" class=\"size-full wp-image-11598 aligncenter\" src=\"http:\/\/www.kunstinvestor.at\/aktuell\/wp-content\/uploads\/google.png\" alt=\"google\" width=\"81\" height=\"79\" \/><\/a><\/td>\n<\/tr>\n<\/tbody>\n<\/table>\n<p>&nbsp;<\/p>\n<p><img loading=\"lazy\" decoding=\"async\" class=\"size-full wp-image-9314 alignleft\" src=\"http:\/\/www.kunstinvestor.at\/aktuell\/wp-content\/uploads\/die-Linie-ses-KunstMagazins.png\" alt=\"die Linie ses KunstMagazins\" width=\"974\" height=\"14\" srcset=\"http:\/\/www.kunstinvestor.at\/aktuell\/wp-content\/uploads\/die-Linie-ses-KunstMagazins.png 974w, http:\/\/www.kunstinvestor.at\/aktuell\/wp-content\/uploads\/die-Linie-ses-KunstMagazins-300x4.png 300w, http:\/\/www.kunstinvestor.at\/aktuell\/wp-content\/uploads\/die-Linie-ses-KunstMagazins-700x10.png 700w, http:\/\/www.kunstinvestor.at\/aktuell\/wp-content\/uploads\/die-Linie-ses-KunstMagazins-332x5.png 332w\" sizes=\"(max-width: 974px) 100vw, 974px\" \/><\/p>\n<p><img loading=\"lazy\" decoding=\"async\" class=\"size-full wp-image-9314 aligncenter\" src=\"http:\/\/www.kunstinvestor.at\/aktuell\/wp-content\/uploads\/die-Linie-ses-KunstMagazins.png\" alt=\"die Linie ses KunstMagazins\" width=\"974\" height=\"14\" srcset=\"http:\/\/www.kunstinvestor.at\/aktuell\/wp-content\/uploads\/die-Linie-ses-KunstMagazins.png 974w, http:\/\/www.kunstinvestor.at\/aktuell\/wp-content\/uploads\/die-Linie-ses-KunstMagazins-300x4.png 300w, http:\/\/www.kunstinvestor.at\/aktuell\/wp-content\/uploads\/die-Linie-ses-KunstMagazins-700x10.png 700w, http:\/\/www.kunstinvestor.at\/aktuell\/wp-content\/uploads\/die-Linie-ses-KunstMagazins-332x5.png 332w\" sizes=\"(max-width: 974px) 100vw, 974px\" \/><\/p>\n<table>\n<tbody>\n<tr>\n<td width=\"614\">\n<pre><em><strong>Vertrieb(Online):<\/strong>\u00a0 Durch eigene Datenbank und im Rahmen einer engen Kooperation und\r\n Zusammenarbeit mit den Messen und Namhaften Firmen \u00d6sterreichs wird der\r\n Onlinevertrieb(Zielgruppe; Counter-Mitarbeiter und die Entscheidungstr\u00e4ger \u00d6sterreichs)\r\n unterst\u00fctzt. Dar\u00fcber hinaus sind in Sozialen Medien wie <strong>TUMBLR<\/strong>, <strong>TWITTER<\/strong>,\r\n<strong>GOOGLE<\/strong> und  <strong>PINTEREST<\/strong> vertreten, erg\u00e4nzt mit Publikationen wie\u00a0<strong>ISSUU<\/strong> sowie <strong>YUMPU<\/strong>.\r\n <\/em><em>Mehr als 360.000 Unique Clients sorgen f\u00fcr 30 Millionen  <\/em><em>Page Impressions in der Online-Welt.<\/em><\/pre>\n<\/td>\n<\/tr>\n<\/tbody>\n<\/table>\n<p style=\"text-align: center;\"><img loading=\"lazy\" decoding=\"async\" class=\"size-full wp-image-9314 alignright\" src=\"http:\/\/www.kunstinvestor.at\/aktuell\/wp-content\/uploads\/die-Linie-ses-KunstMagazins.png\" alt=\"die Linie ses KunstMagazins\" width=\"974\" height=\"14\" srcset=\"http:\/\/www.kunstinvestor.at\/aktuell\/wp-content\/uploads\/die-Linie-ses-KunstMagazins.png 974w, http:\/\/www.kunstinvestor.at\/aktuell\/wp-content\/uploads\/die-Linie-ses-KunstMagazins-300x4.png 300w, http:\/\/www.kunstinvestor.at\/aktuell\/wp-content\/uploads\/die-Linie-ses-KunstMagazins-700x10.png 700w, http:\/\/www.kunstinvestor.at\/aktuell\/wp-content\/uploads\/die-Linie-ses-KunstMagazins-332x5.png 332w\" sizes=\"(max-width: 974px) 100vw, 974px\" \/><img loading=\"lazy\" decoding=\"async\" class=\"size-full wp-image-9314 alignnone\" src=\"http:\/\/www.kunstinvestor.at\/aktuell\/wp-content\/uploads\/die-Linie-ses-KunstMagazins.png\" alt=\"die Linie ses KunstMagazins\" width=\"974\" height=\"14\" srcset=\"http:\/\/www.kunstinvestor.at\/aktuell\/wp-content\/uploads\/die-Linie-ses-KunstMagazins.png 974w, http:\/\/www.kunstinvestor.at\/aktuell\/wp-content\/uploads\/die-Linie-ses-KunstMagazins-300x4.png 300w, http:\/\/www.kunstinvestor.at\/aktuell\/wp-content\/uploads\/die-Linie-ses-KunstMagazins-700x10.png 700w, http:\/\/www.kunstinvestor.at\/aktuell\/wp-content\/uploads\/die-Linie-ses-KunstMagazins-332x5.png 332w\" sizes=\"(max-width: 974px) 100vw, 974px\" \/><\/p>\n<h4 style=\"text-align: center;\"><span style=\"color: #000000;\"><strong>KUNST<span style=\"color: #ff0000;\">.<\/span>INVESTOR-LESER WELTWEIT<\/strong><\/span><\/h4>\n<h6 style=\"text-align: center;\"><a href=\"https:\/\/issuu.com\/about\" target=\"_blank\"><img loading=\"lazy\" decoding=\"async\" class=\"size-full wp-image-9945 aligncenter\" src=\"http:\/\/www.kunstinvestor.at\/aktuell\/wp-content\/uploads\/ISSUU-2016.png\" alt=\"ISSUU 2016\" width=\"510\" height=\"484\" srcset=\"http:\/\/www.kunstinvestor.at\/aktuell\/wp-content\/uploads\/ISSUU-2016.png 510w, http:\/\/www.kunstinvestor.at\/aktuell\/wp-content\/uploads\/ISSUU-2016-300x285.png 300w, http:\/\/www.kunstinvestor.at\/aktuell\/wp-content\/uploads\/ISSUU-2016-332x315.png 332w\" sizes=\"(max-width: 510px) 100vw, 510px\" \/><\/a><a href=\"https:\/\/issuu.com\/about\" target=\"_blank\"><img loading=\"lazy\" decoding=\"async\" class=\" wp-image-10126 aligncenter\" src=\"http:\/\/www.kunstinvestor.at\/aktuell\/wp-content\/uploads\/leseger\u00e4te.png\" alt=\"leseger\u00e4te\" width=\"510\" height=\"283\" \/><\/a><img loading=\"lazy\" decoding=\"async\" class=\" size-full wp-image-9314 aligncenter\" src=\"http:\/\/www.kunstinvestor.at\/aktuell\/wp-content\/uploads\/die-Linie-ses-KunstMagazins.png\" alt=\"die Linie ses KunstMagazins\" width=\"974\" height=\"14\" srcset=\"http:\/\/www.kunstinvestor.at\/aktuell\/wp-content\/uploads\/die-Linie-ses-KunstMagazins.png 974w, http:\/\/www.kunstinvestor.at\/aktuell\/wp-content\/uploads\/die-Linie-ses-KunstMagazins-300x4.png 300w, http:\/\/www.kunstinvestor.at\/aktuell\/wp-content\/uploads\/die-Linie-ses-KunstMagazins-700x10.png 700w, http:\/\/www.kunstinvestor.at\/aktuell\/wp-content\/uploads\/die-Linie-ses-KunstMagazins-332x5.png 332w\" sizes=\"(max-width: 974px) 100vw, 974px\" \/><\/h6>\n<h4 style=\"text-align: center;\"><strong> IHR KOSTENLOSES PROBE-LESEEXEMPLAR!<\/strong><br \/>\n<strong>Hier k\u00f6nnen Sie sich zum\u00a0&#8218;e-Magazine&#8216;- Abo (E-Mail Versand)\u00a0 anmelden.<\/strong><\/h4>\n<h3 style=\"text-align: center;\"><strong>[contact-form-7 id=&#8220;9908&#8243; title=&#8220;Anmeldung zum E-Mailversand von e-Magazine&#8220;]<\/strong><img loading=\"lazy\" decoding=\"async\" class=\" size-full wp-image-9314 aligncenter\" style=\"text-align: center;\" src=\"http:\/\/www.kunstinvestor.at\/aktuell\/wp-content\/uploads\/die-Linie-ses-KunstMagazins.png\" alt=\"die Linie ses KunstMagazins\" width=\"974\" height=\"14\" srcset=\"http:\/\/www.kunstinvestor.at\/aktuell\/wp-content\/uploads\/die-Linie-ses-KunstMagazins.png 974w, http:\/\/www.kunstinvestor.at\/aktuell\/wp-content\/uploads\/die-Linie-ses-KunstMagazins-300x4.png 300w, http:\/\/www.kunstinvestor.at\/aktuell\/wp-content\/uploads\/die-Linie-ses-KunstMagazins-700x10.png 700w, http:\/\/www.kunstinvestor.at\/aktuell\/wp-content\/uploads\/die-Linie-ses-KunstMagazins-332x5.png 332w\" sizes=\"(max-width: 974px) 100vw, 974px\" \/><img loading=\"lazy\" decoding=\"async\" class=\" size-full wp-image-9314 aligncenter\" src=\"http:\/\/www.kunstinvestor.at\/aktuell\/wp-content\/uploads\/die-Linie-ses-KunstMagazins.png\" alt=\"die Linie ses KunstMagazins\" width=\"974\" height=\"14\" srcset=\"http:\/\/www.kunstinvestor.at\/aktuell\/wp-content\/uploads\/die-Linie-ses-KunstMagazins.png 974w, http:\/\/www.kunstinvestor.at\/aktuell\/wp-content\/uploads\/die-Linie-ses-KunstMagazins-300x4.png 300w, http:\/\/www.kunstinvestor.at\/aktuell\/wp-content\/uploads\/die-Linie-ses-KunstMagazins-700x10.png 700w, http:\/\/www.kunstinvestor.at\/aktuell\/wp-content\/uploads\/die-Linie-ses-KunstMagazins-332x5.png 332w\" sizes=\"(max-width: 974px) 100vw, 974px\" \/><\/h3>\n<p><img loading=\"lazy\" decoding=\"async\" class=\" size-full wp-image-9314 aligncenter\" src=\"http:\/\/www.kunstinvestor.at\/aktuell\/wp-content\/uploads\/die-Linie-ses-KunstMagazins.png\" alt=\"die Linie ses KunstMagazins\" width=\"974\" height=\"14\" srcset=\"http:\/\/www.kunstinvestor.at\/aktuell\/wp-content\/uploads\/die-Linie-ses-KunstMagazins.png 974w, http:\/\/www.kunstinvestor.at\/aktuell\/wp-content\/uploads\/die-Linie-ses-KunstMagazins-300x4.png 300w, http:\/\/www.kunstinvestor.at\/aktuell\/wp-content\/uploads\/die-Linie-ses-KunstMagazins-700x10.png 700w, http:\/\/www.kunstinvestor.at\/aktuell\/wp-content\/uploads\/die-Linie-ses-KunstMagazins-332x5.png 332w\" sizes=\"(max-width: 974px) 100vw, 974px\" \/><\/p>\n<table>\n<tbody>\n<tr>\n<td width=\"205\"><\/td>\n<td width=\"205\">\n<h3 style=\"text-align: center;\"><strong>\u00a0<span style=\"color: #000000;\">MAGAZIN-ARCHIV 2015\/2016<\/span><\/strong><\/h3>\n<\/td>\n<td width=\"205\"><\/td>\n<\/tr>\n<tr>\n<td width=\"205\"><\/td>\n<td width=\"205\">\u00a0<iframe loading=\"lazy\" src=\"https:\/\/www.yumpu.com\/de\/collections\/bookshelf\/2EwJYYUGeaqC0Vk3\" width=\"640\" height=\"520\" frameborder=\"0\" allowfullscreen=\"allowfullscreen\"><\/iframe><\/td>\n<td width=\"205\"><\/td>\n<\/tr>\n<\/tbody>\n<\/table>\n<p><img loading=\"lazy\" decoding=\"async\" class=\"size-full wp-image-9314 alignleft\" src=\"http:\/\/www.kunstinvestor.at\/aktuell\/wp-content\/uploads\/die-Linie-ses-KunstMagazins.png\" alt=\"die Linie ses KunstMagazins\" width=\"974\" height=\"14\" srcset=\"http:\/\/www.kunstinvestor.at\/aktuell\/wp-content\/uploads\/die-Linie-ses-KunstMagazins.png 974w, http:\/\/www.kunstinvestor.at\/aktuell\/wp-content\/uploads\/die-Linie-ses-KunstMagazins-300x4.png 300w, http:\/\/www.kunstinvestor.at\/aktuell\/wp-content\/uploads\/die-Linie-ses-KunstMagazins-700x10.png 700w, http:\/\/www.kunstinvestor.at\/aktuell\/wp-content\/uploads\/die-Linie-ses-KunstMagazins-332x5.png 332w\" sizes=\"(max-width: 974px) 100vw, 974px\" \/><img loading=\"lazy\" decoding=\"async\" class=\" size-full wp-image-9314 aligncenter\" src=\"http:\/\/www.kunstinvestor.at\/aktuell\/wp-content\/uploads\/die-Linie-ses-KunstMagazins.png\" alt=\"die Linie ses KunstMagazins\" width=\"974\" height=\"14\" srcset=\"http:\/\/www.kunstinvestor.at\/aktuell\/wp-content\/uploads\/die-Linie-ses-KunstMagazins.png 974w, http:\/\/www.kunstinvestor.at\/aktuell\/wp-content\/uploads\/die-Linie-ses-KunstMagazins-300x4.png 300w, http:\/\/www.kunstinvestor.at\/aktuell\/wp-content\/uploads\/die-Linie-ses-KunstMagazins-700x10.png 700w, http:\/\/www.kunstinvestor.at\/aktuell\/wp-content\/uploads\/die-Linie-ses-KunstMagazins-332x5.png 332w\" sizes=\"(max-width: 974px) 100vw, 974px\" \/><\/p>\n<table>\n<tbody>\n<tr>\n<td width=\"614\"><a href=\"http:\/\/www.kunstinvestor.at\/\"><img loading=\"lazy\" decoding=\"async\" class=\" size-full wp-image-48 aligncenter\" src=\"http:\/\/www.kunstinvestor.at\/aktuell\/wp-content\/uploads\/cropped-Kunstinvestor11.jpg\" alt=\"cropped-Kunstinvestor11.jpg\" width=\"1600\" height=\"230\" srcset=\"http:\/\/www.kunstinvestor.at\/aktuell\/wp-content\/uploads\/cropped-Kunstinvestor11.jpg 1600w, http:\/\/www.kunstinvestor.at\/aktuell\/wp-content\/uploads\/cropped-Kunstinvestor11-300x43.jpg 300w, http:\/\/www.kunstinvestor.at\/aktuell\/wp-content\/uploads\/cropped-Kunstinvestor11-1024x147.jpg 1024w\" sizes=\"(max-width: 1600px) 100vw, 1600px\" \/><\/a><\/td>\n<\/tr>\n<\/tbody>\n<\/table>\n<h1 style=\"text-align: center;\"><img loading=\"lazy\" decoding=\"async\" class=\"size-full wp-image-9314 alignleft\" src=\"http:\/\/www.kunstinvestor.at\/aktuell\/wp-content\/uploads\/die-Linie-ses-KunstMagazins.png\" alt=\"die Linie ses KunstMagazins\" width=\"974\" height=\"14\" srcset=\"http:\/\/www.kunstinvestor.at\/aktuell\/wp-content\/uploads\/die-Linie-ses-KunstMagazins.png 974w, http:\/\/www.kunstinvestor.at\/aktuell\/wp-content\/uploads\/die-Linie-ses-KunstMagazins-300x4.png 300w, http:\/\/www.kunstinvestor.at\/aktuell\/wp-content\/uploads\/die-Linie-ses-KunstMagazins-700x10.png 700w, http:\/\/www.kunstinvestor.at\/aktuell\/wp-content\/uploads\/die-Linie-ses-KunstMagazins-332x5.png 332w\" sizes=\"(max-width: 974px) 100vw, 974px\" \/><img loading=\"lazy\" decoding=\"async\" class=\" size-full wp-image-9314 aligncenter\" src=\"http:\/\/www.kunstinvestor.at\/aktuell\/wp-content\/uploads\/die-Linie-ses-KunstMagazins.png\" alt=\"die Linie ses KunstMagazins\" width=\"974\" height=\"14\" srcset=\"http:\/\/www.kunstinvestor.at\/aktuell\/wp-content\/uploads\/die-Linie-ses-KunstMagazins.png 974w, http:\/\/www.kunstinvestor.at\/aktuell\/wp-content\/uploads\/die-Linie-ses-KunstMagazins-300x4.png 300w, http:\/\/www.kunstinvestor.at\/aktuell\/wp-content\/uploads\/die-Linie-ses-KunstMagazins-700x10.png 700w, http:\/\/www.kunstinvestor.at\/aktuell\/wp-content\/uploads\/die-Linie-ses-KunstMagazins-332x5.png 332w\" sizes=\"(max-width: 974px) 100vw, 974px\" \/><\/h1>\n<p style=\"text-align: center;\"><strong><a href=\"http:\/\/www.kunstinvestor.at\/\" target=\"_blank\"><img loading=\"lazy\" decoding=\"async\" class=\"size-full wp-image-11606 aligncenter\" src=\"http:\/\/www.kunstinvestor.at\/aktuell\/wp-content\/uploads\/Kunstinvestor-3.jpg\" alt=\"kunstinvestor\" width=\"448\" height=\"70\" srcset=\"http:\/\/www.kunstinvestor.at\/aktuell\/wp-content\/uploads\/Kunstinvestor-3.jpg 448w, http:\/\/www.kunstinvestor.at\/aktuell\/wp-content\/uploads\/Kunstinvestor-3-300x47.jpg 300w, http:\/\/www.kunstinvestor.at\/aktuell\/wp-content\/uploads\/Kunstinvestor-3-332x52.jpg 332w\" sizes=\"(max-width: 448px) 100vw, 448px\" \/><\/a><\/strong><\/p>\n<h3 style=\"text-align: center;\"><strong>Sie finden uns auch auf den u. a.\u00a0\u201aSocial Media\u2018- Websites<\/strong><\/h3>\n<p>&nbsp;<\/p>\n<table>\n<tbody>\n<tr>\n<td width=\"177\"><a href=\"http:\/\/twitter.kunstinvestor.at\" target=\"_blank\"><img loading=\"lazy\" decoding=\"async\" class=\"size-full wp-image-11600 aligncenter\" src=\"http:\/\/www.kunstinvestor.at\/aktuell\/wp-content\/uploads\/twitter.png\" alt=\"twitter\" width=\"80\" height=\"80\" \/><\/a><\/td>\n<td width=\"177\"><a href=\"http:\/\/tumblr.kunstinvestor.at\" target=\"_blank\"><img loading=\"lazy\" decoding=\"async\" class=\"size-full wp-image-11599 aligncenter\" src=\"http:\/\/www.kunstinvestor.at\/aktuell\/wp-content\/uploads\/tumblr.png\" alt=\"tumblr\" width=\"80\" height=\"80\" \/><\/a><\/td>\n<td width=\"177\"><a href=\"https:\/\/www.pinterest.com\/kunstinvestor\/kunst-als-kapitalanlage\/\" target=\"_blank\"><img loading=\"lazy\" decoding=\"async\" class=\" wp-image-12358 aligncenter\" src=\"http:\/\/www.kunstinvestor.at\/aktuell\/wp-content\/uploads\/pinterest.png\" alt=\"\" width=\"92\" height=\"91\" \/><\/a><\/td>\n<td width=\"177\"><a href=\"http:\/\/google.kunstinvestor.at\" target=\"_blank\"><img loading=\"lazy\" decoding=\"async\" class=\"size-full wp-image-11598 aligncenter\" src=\"http:\/\/www.kunstinvestor.at\/aktuell\/wp-content\/uploads\/google.png\" alt=\"google\" width=\"81\" height=\"79\" \/><\/a><\/td>\n<\/tr>\n<\/tbody>\n<\/table>\n<p><span style=\"color: #000000;\"><strong><img loading=\"lazy\" decoding=\"async\" class=\"size-full wp-image-9314 alignleft\" src=\"http:\/\/www.kunstinvestor.at\/aktuell\/wp-content\/uploads\/die-Linie-ses-KunstMagazins.png\" alt=\"die Linie ses KunstMagazins\" width=\"974\" height=\"14\" srcset=\"http:\/\/www.kunstinvestor.at\/aktuell\/wp-content\/uploads\/die-Linie-ses-KunstMagazins.png 974w, http:\/\/www.kunstinvestor.at\/aktuell\/wp-content\/uploads\/die-Linie-ses-KunstMagazins-300x4.png 300w, http:\/\/www.kunstinvestor.at\/aktuell\/wp-content\/uploads\/die-Linie-ses-KunstMagazins-700x10.png 700w, http:\/\/www.kunstinvestor.at\/aktuell\/wp-content\/uploads\/die-Linie-ses-KunstMagazins-332x5.png 332w\" sizes=\"(max-width: 974px) 100vw, 974px\" \/><\/strong><\/span><img loading=\"lazy\" decoding=\"async\" class=\"size-full wp-image-9314 aligncenter\" src=\"http:\/\/www.kunstinvestor.at\/aktuell\/wp-content\/uploads\/die-Linie-ses-KunstMagazins.png\" alt=\"die Linie ses KunstMagazins\" width=\"974\" height=\"14\" srcset=\"http:\/\/www.kunstinvestor.at\/aktuell\/wp-content\/uploads\/die-Linie-ses-KunstMagazins.png 974w, http:\/\/www.kunstinvestor.at\/aktuell\/wp-content\/uploads\/die-Linie-ses-KunstMagazins-300x4.png 300w, http:\/\/www.kunstinvestor.at\/aktuell\/wp-content\/uploads\/die-Linie-ses-KunstMagazins-700x10.png 700w, http:\/\/www.kunstinvestor.at\/aktuell\/wp-content\/uploads\/die-Linie-ses-KunstMagazins-332x5.png 332w\" sizes=\"(max-width: 974px) 100vw, 974px\" \/><\/p>\n","protected":false},"excerpt":{"rendered":"<p>Mit rund 120 Werken aus der Fotosammlung der Albertina untersucht die Ausstellung Acting for the Camera die vielf\u00e4ltigen Formen von (Selbst-)Inszenierungen von Modellen f\u00fcr die Foto-kamera. Die Zeitspanne der Aufnahmen reicht von den 1850er-Jahren bis in die Gegenwart und bietet sowohl einen Querschnitt der Fotografiegeschichte als auch der Vielfalt der &#8230;<\/p>\n","protected":false},"author":2,"featured_media":12675,"comment_status":"closed","ping_status":"closed","sticky":false,"template":"","format":"standard","meta":{"footnotes":""},"categories":[1],"tags":[],"aioseo_notices":[],"_links":{"self":[{"href":"http:\/\/www.kunstinvestor.at\/aktuell\/wp-json\/wp\/v2\/posts\/12673"}],"collection":[{"href":"http:\/\/www.kunstinvestor.at\/aktuell\/wp-json\/wp\/v2\/posts"}],"about":[{"href":"http:\/\/www.kunstinvestor.at\/aktuell\/wp-json\/wp\/v2\/types\/post"}],"author":[{"embeddable":true,"href":"http:\/\/www.kunstinvestor.at\/aktuell\/wp-json\/wp\/v2\/users\/2"}],"replies":[{"embeddable":true,"href":"http:\/\/www.kunstinvestor.at\/aktuell\/wp-json\/wp\/v2\/comments?post=12673"}],"version-history":[{"count":4,"href":"http:\/\/www.kunstinvestor.at\/aktuell\/wp-json\/wp\/v2\/posts\/12673\/revisions"}],"predecessor-version":[{"id":12682,"href":"http:\/\/www.kunstinvestor.at\/aktuell\/wp-json\/wp\/v2\/posts\/12673\/revisions\/12682"}],"wp:featuredmedia":[{"embeddable":true,"href":"http:\/\/www.kunstinvestor.at\/aktuell\/wp-json\/wp\/v2\/media\/12675"}],"wp:attachment":[{"href":"http:\/\/www.kunstinvestor.at\/aktuell\/wp-json\/wp\/v2\/media?parent=12673"}],"wp:term":[{"taxonomy":"category","embeddable":true,"href":"http:\/\/www.kunstinvestor.at\/aktuell\/wp-json\/wp\/v2\/categories?post=12673"},{"taxonomy":"post_tag","embeddable":true,"href":"http:\/\/www.kunstinvestor.at\/aktuell\/wp-json\/wp\/v2\/tags?post=12673"}],"curies":[{"name":"wp","href":"https:\/\/api.w.org\/{rel}","templated":true}]}}