{"id":14606,"date":"2018-07-31T11:14:24","date_gmt":"2018-07-31T11:14:24","guid":{"rendered":"http:\/\/www.kunstinvestor.at\/aktuell\/?p=14606"},"modified":"2018-07-31T11:14:24","modified_gmt":"2018-07-31T11:14:24","slug":"die-wiener-maria-eine-verhandlung-der-grundbeduerfnisse","status":"publish","type":"post","link":"http:\/\/www.kunstinvestor.at\/aktuell\/die-wiener-maria-eine-verhandlung-der-grundbeduerfnisse\/","title":{"rendered":"Die Wiener Maria &#8211; Eine Verhandlung der Grundbed\u00fcrfnisse"},"content":{"rendered":"<p style=\"text-align: justify;\"><em><span style=\"font-family: arial, helvetica, sans-serif; font-size: 12pt;\"><img loading=\"lazy\" decoding=\"async\" class=\"alignleft wp-image-14608 size-full\" title=\" Milan Mijalkovic, Die Wiener Maria, 2018, Modell aus Styropor, Gips, Papier und Silikon, \u00a9, Foto: Milan Mijalkovic, Klassische Bildhauerarbeit (Brust) Johannes Falkeis\" src=\"http:\/\/www.kunstinvestor.at\/aktuell\/wp-content\/uploads\/unnamed-75.jpg\" alt=\"\" width=\"448\" height=\"336\" srcset=\"http:\/\/www.kunstinvestor.at\/aktuell\/wp-content\/uploads\/unnamed-75.jpg 448w, http:\/\/www.kunstinvestor.at\/aktuell\/wp-content\/uploads\/unnamed-75-300x225.jpg 300w, http:\/\/www.kunstinvestor.at\/aktuell\/wp-content\/uploads\/unnamed-75-332x249.jpg 332w\" sizes=\"(max-width: 448px) 100vw, 448px\" \/>Am sogenannten Wiener Arbeiterstrich an der Triester Stra\u00dfe, der Herbststra\u00dfe und der Br\u00fcnner Stra\u00dfe l\u00e4sst der Architekt und K\u00fcnstler Milan Mijalkovic vom 23. bis 30. August t\u00e4glich einen Kaltwasser-brunnen in Busenform vorfahren \u2013 <strong>\u201eDie Wiener Maria\u201c<\/strong>.<\/span><\/em><\/p>\n<p style=\"text-align: justify;\"><span style=\"font-family: arial, helvetica, sans-serif; font-size: 12pt;\">\u201eKann alles Arbeit\u201c ist ein Satz, der in der illegalen Subkultur der Wiener Baubranche typischerweise die Verhandlungen er\u00f6ffnet und dabei ein Dilemma ausdr\u00fcckt. Wer seine Chancen auf Arbeit und damit Lohn nicht verwirken will, muss sich verkaufen k\u00f6nnen \u2013 und zwar unter Wert. Acht Euro ist der Stundenlohn, den sich die M\u00e4nner aus Bulgarien, Rum\u00e4nien, Polen, Ungarn, der Ukraine und dem Kosovo, viele von ihnen Meister ihres Fachs, erhoffen, wenn sie an der Triester Stra\u00dfe t\u00e4glich zu Dutzenden darauf warten, abgeholt und zu einer Baustelle im Umland gefahren zu werden. Sie haben kein Recht auf Entlohnung, sind weder sozial- noch kranken- oder unfallversichert. Fernab von Verhandlungen um Lohnnebenkosten, Kollektivvertr\u00e4ge und den Zw\u00f6lf-Stunden-Tag schafft sich der Sozialstaat hier, am Matzleinsdorfer Platz, in stoischer Gelassenheit jeden Tag aufs Neue ab. Und stellt dabei die Vorhut eines riesigen Schwarzarbeitsmarkts aus, der von Teilen der Gesellschaft genutzt und von anderen ignoriert wird. Ein Thema, das den Architekten und K\u00fcnstler Milan Mijalkovic, geboren 1982 im mazedonischen Skopje, schon lange besch\u00e4ftigt. Seit 2001 lebt er in Wien, wo er zu Beginn neben dem Studium selbst solchen Jobs nachging, die ihn vor k\u00f6rperliche Herausforderungen stellten. 2016 entstand die \u201eArbeitsstrich-Sammlung\u201c, eine Reihe von Alben, die heimlich aufgenommene Fotos einzelner Schwarzarbeiter von ihren Einsatzorten versammelten. Im gleichen Jahr nahm Mijalkovic an einer Gruppenausstellung im frei_raum Q21 zum 50-j\u00e4hrigen Jubil\u00e4um des Gastarbeiter-Abkommens zwischen \u00d6sterreich und der Republik Jugoslawien teil. Auf mannshohen Sockeln positionierte er vor den Eing\u00e4ngen zwei Schwarzarbeiter, die das Eintreffen des damaligen Au\u00dfen- und Integrationsministers abwarteten und von denen einer Sebastian Kurz schlie\u00dflich die Hand sch\u00fcttelte. Grund\u00fcberlegung f\u00fcr seine neue Aktion, \u201eDie Wiener Maria\u201c, ist, so sagt es Mijalkovic selbst, die Frage: \u201eWelche anerkennende Geste bringt jeder von uns denjenigen, die f\u00fcr ihn arbeiten, entgegen?\u201c. Das Glas Wasser als existentieller Minimalkonsens wird hier zum mobilen Brunnen. Gef\u00f6rdert mit Mitteln des Bundeskanzleramts, lie\u00df Mijalkovic daf\u00fcr nach seinen Entw\u00fcrfen eine weibliche Brust mit einem Durchmesser von zwei Metern und einer porzellanartigen Oberfl\u00e4che gestalten. Diese soll, montiert an einem Kleinlaster, in der Woche vom 23. bis 30. August t\u00e4glich an der Triester Stra\u00dfe, der Herbststra\u00dfe und der Br\u00fcnner Stra\u00dfe vorfahren und \u00fcber die Brustwarze kaltes Wasser freigeben. \u201eDie weibliche, entbl\u00f6\u00dfte Brust steht f\u00fcr Verletzlichkeit und gegenseitige Abh\u00e4ngigkeit zugleich\u201c, sagt Mijalkovic. Schlie\u00dflich reagiere auch nach einer Schwangerschaft die Milchdr\u00fcse der Mutter auf kindliches Geschrei und damit auf ein elementares Bed\u00fcrfnis nach Versorgung. \u201eSchwarzarbeiter, Schwarzarbeiter, kriegst ein Wasser\u201c, hat Mijalkovic in einzelnen Buchstaben an einer Seite des LKWs anbringen lassen. Das Versprechen umrahmen Ausz\u00fcge aus der Allgemeinen Erkl\u00e4rung der Menschenrechte von 1948. \u201eJeder hat das Recht auf Arbeit und freie Berufswahl, auf gerechte und befriedigende Arbeitsbedingungen\u201c, lautet der erste Satz. Dass an den angefahrenen Pl\u00e4tzen t\u00e4glich vielmehr \u201ealles Arbeit\u201c geboten und verlangt wird, das macht ein Riesenbusen kaum noch ignorierbar. [Dauer 23. bis 30. August 2018, Orte Triester Stra\u00dfe, 1100 Wien; Herbststra\u00dfe, 1160 Wien; Br\u00fcnner Stra\u00dfe, 1210 Wien]<\/span><\/p>\n<p style=\"text-align: justify;\"><strong><span style=\"color: #0000ff;\"><span style=\"color: #000000;\"><span style=\"font-family: arial, helvetica, sans-serif;\">[contact-form-7 id=&#8220;14529&#8243; title=&#8220;2018-Abo-Anmeldung(Neu)&#8220;]<\/span><\/span><\/span><\/strong><em><strong><span style=\"color: #0000ff;\"><span style=\"color: #000000;\"><br \/>\n<img loading=\"lazy\" decoding=\"async\" class=\"size-full wp-image-12585 aligncenter\" src=\"http:\/\/www.kunstinvestor.at\/aktuell\/wp-content\/uploads\/6-1.jpg\" alt=\"\" width=\"864\" height=\"22\" srcset=\"http:\/\/www.kunstinvestor.at\/aktuell\/wp-content\/uploads\/6-1.jpg 864w, http:\/\/www.kunstinvestor.at\/aktuell\/wp-content\/uploads\/6-1-300x8.jpg 300w, http:\/\/www.kunstinvestor.at\/aktuell\/wp-content\/uploads\/6-1-768x20.jpg 768w, http:\/\/www.kunstinvestor.at\/aktuell\/wp-content\/uploads\/6-1-700x18.jpg 700w, http:\/\/www.kunstinvestor.at\/aktuell\/wp-content\/uploads\/6-1-332x8.jpg 332w\" sizes=\"(max-width: 864px) 100vw, 864px\" \/><\/span><\/span><\/strong><\/em><\/p>\n<p style=\"text-align: center;\"><strong><span style=\"font-family: tahoma, arial, helvetica, sans-serif;\">Sie finden &#8218;<span style=\"font-family: helvetica, arial, sans-serif; font-size: 14pt;\">KUNST<span style=\"font-family: 'arial black', sans-serif; color: #ff0000;\">.<\/span>INVESTOR&#8216;<\/span> auch auf den u. a. &#8218;Social Media&#8216;- Websites<\/span><\/strong><\/p>\n<table style=\"font-family: 'Open Sans', sans-serif; font-size: 15px;\">\n<tbody>\n<tr>\n<td width=\"177\"><a href=\"https:\/\/twitter.com\/kunstinvestor\" target=\"_blank\" rel=\"noopener noreferrer\"><img loading=\"lazy\" decoding=\"async\" class=\"size-full wp-image-11600 aligncenter\" src=\"http:\/\/www.kunstinvestor.at\/aktuell\/wp-content\/uploads\/twitter.png\" alt=\"twitter\" width=\"80\" height=\"80\" \/><\/a><\/td>\n<td width=\"177\"><a href=\"https:\/\/kunstinvestor.tumblr.com\/\" target=\"_blank\" rel=\"noopener noreferrer\"><img loading=\"lazy\" decoding=\"async\" class=\"size-full wp-image-11599 aligncenter\" src=\"http:\/\/www.kunstinvestor.at\/aktuell\/wp-content\/uploads\/tumblr.png\" alt=\"tumblr\" width=\"80\" height=\"80\" \/><\/a><\/td>\n<td width=\"177\"><a href=\"https:\/\/www.pinterest.com\/kunstinvestor\/kunst-als-kapitalanlage\/\" target=\"_blank\" rel=\"noopener noreferrer\"><img loading=\"lazy\" decoding=\"async\" class=\" wp-image-12358 aligncenter\" src=\"http:\/\/www.kunstinvestor.at\/aktuell\/wp-content\/uploads\/pinterest.png\" alt=\"\" width=\"92\" height=\"91\" \/><\/a><\/td>\n<td width=\"177\"><a href=\"https:\/\/plus.google.com\/u\/1\/110417926730791676324\" target=\"_blank\" rel=\"noopener noreferrer\"><img loading=\"lazy\" decoding=\"async\" class=\"size-full wp-image-11598 aligncenter\" src=\"http:\/\/www.kunstinvestor.at\/aktuell\/wp-content\/uploads\/google.png\" alt=\"google\" width=\"81\" height=\"79\" \/><\/a><\/td>\n<\/tr>\n<\/tbody>\n<\/table>\n<table style=\"font-family: 'Open Sans', sans-serif; font-size: 15px;\">\n<tbody>\n<tr>\n<td width=\"707\">\n<p style=\"text-align: justify;\"><em><strong><span style=\"color: #0000ff;\"><span style=\"color: #000000;\"><img loading=\"lazy\" decoding=\"async\" class=\"size-full wp-image-12585 aligncenter\" src=\"http:\/\/www.kunstinvestor.at\/aktuell\/wp-content\/uploads\/6-1.jpg\" alt=\"\" width=\"864\" height=\"22\" srcset=\"http:\/\/www.kunstinvestor.at\/aktuell\/wp-content\/uploads\/6-1.jpg 864w, http:\/\/www.kunstinvestor.at\/aktuell\/wp-content\/uploads\/6-1-300x8.jpg 300w, http:\/\/www.kunstinvestor.at\/aktuell\/wp-content\/uploads\/6-1-768x20.jpg 768w, http:\/\/www.kunstinvestor.at\/aktuell\/wp-content\/uploads\/6-1-700x18.jpg 700w, http:\/\/www.kunstinvestor.at\/aktuell\/wp-content\/uploads\/6-1-332x8.jpg 332w\" sizes=\"(max-width: 864px) 100vw, 864px\" \/><a href=\"http:\/\/www.kunstinvestor.at\/aktuell\/wp-content\/uploads\/6-1.jpg\"><img loading=\"lazy\" decoding=\"async\" class=\"size-full wp-image-12585 aligncenter\" src=\"http:\/\/www.kunstinvestor.at\/aktuell\/wp-content\/uploads\/6-1.jpg\" alt=\"\" width=\"864\" height=\"22\" srcset=\"http:\/\/www.kunstinvestor.at\/aktuell\/wp-content\/uploads\/6-1.jpg 864w, http:\/\/www.kunstinvestor.at\/aktuell\/wp-content\/uploads\/6-1-300x8.jpg 300w, http:\/\/www.kunstinvestor.at\/aktuell\/wp-content\/uploads\/6-1-768x20.jpg 768w, http:\/\/www.kunstinvestor.at\/aktuell\/wp-content\/uploads\/6-1-700x18.jpg 700w, http:\/\/www.kunstinvestor.at\/aktuell\/wp-content\/uploads\/6-1-332x8.jpg 332w\" sizes=\"(max-width: 864px) 100vw, 864px\" \/><\/a><\/span><\/span><\/strong><\/em><strong><span style=\"color: #000000; font-family: arial, helvetica, sans-serif;\">KUNST<span style=\"color: #ff0000;\">.<\/span>INVESTOR \u2013 Lesen Sie die aktuelle Ausgabe(e-Paper) wie ein gedrucktes<br \/>\nPrintprodukt am Bildschirm <span style=\"color: #0000ff;\">(ein Moment bitte, Download l\u00e4uft\u2026\u2026\u2026\u2026\u2026.\u2026..\u2026\u2026)<\/span><\/span><\/strong><\/p>\n<p><!-- ISSUU BEGIN --><\/p>\n<div class=\"issuuembed\" style=\"width: 400px; height: 283px;\" data-configid=\"27777468\/63491577\"><\/div>\n<p><script type=\"text\/javascript\" src=\"\/\/e.issuu.com\/embed.js\" async=\"true\"><\/script><\/p>\n<p><!-- ISSUU ENDE --><\/p>\n<p><em><strong><span style=\"color: #0000ff;\"><span style=\"color: #000000;\"><a href=\"http:\/\/www.kunstinvestor.at\/aktuell\/wp-content\/uploads\/6-1.jpg\"><img loading=\"lazy\" decoding=\"async\" class=\"size-full wp-image-12585 alignnone\" src=\"http:\/\/www.kunstinvestor.at\/aktuell\/wp-content\/uploads\/6-1.jpg\" alt=\"\" width=\"864\" height=\"22\" srcset=\"http:\/\/www.kunstinvestor.at\/aktuell\/wp-content\/uploads\/6-1.jpg 864w, http:\/\/www.kunstinvestor.at\/aktuell\/wp-content\/uploads\/6-1-300x8.jpg 300w, http:\/\/www.kunstinvestor.at\/aktuell\/wp-content\/uploads\/6-1-768x20.jpg 768w, http:\/\/www.kunstinvestor.at\/aktuell\/wp-content\/uploads\/6-1-700x18.jpg 700w, http:\/\/www.kunstinvestor.at\/aktuell\/wp-content\/uploads\/6-1-332x8.jpg 332w\" sizes=\"(max-width: 864px) 100vw, 864px\" \/><\/a><\/span><\/span><\/strong><\/em><\/p>\n<h2><a href=\"https:\/\/mrmmedia.files.wordpress.com\/2018\/07\/kunstinvestor-gesamt-august-2018.pdf\" target=\"_blank\" rel=\"noopener noreferrer\"><span style=\"color: #000000;\"><strong>PDF-MAGAZIN(<\/strong><\/span><strong><span style=\"color: #0000ff;\">DOWNLOAD<\/span><span style=\"color: #000000;\">)<\/span><\/strong><\/a><\/h2>\n<p><em><strong><span style=\"color: #0000ff;\"><span style=\"color: #000000;\"><a href=\"http:\/\/www.kunstinvestor.at\/aktuell\/wp-content\/uploads\/6-1.jpg\"><img loading=\"lazy\" decoding=\"async\" class=\"size-full wp-image-12585 alignnone\" src=\"http:\/\/www.kunstinvestor.at\/aktuell\/wp-content\/uploads\/6-1.jpg\" alt=\"\" width=\"864\" height=\"22\" srcset=\"http:\/\/www.kunstinvestor.at\/aktuell\/wp-content\/uploads\/6-1.jpg 864w, http:\/\/www.kunstinvestor.at\/aktuell\/wp-content\/uploads\/6-1-300x8.jpg 300w, http:\/\/www.kunstinvestor.at\/aktuell\/wp-content\/uploads\/6-1-768x20.jpg 768w, http:\/\/www.kunstinvestor.at\/aktuell\/wp-content\/uploads\/6-1-700x18.jpg 700w, http:\/\/www.kunstinvestor.at\/aktuell\/wp-content\/uploads\/6-1-332x8.jpg 332w\" sizes=\"(max-width: 864px) 100vw, 864px\" \/><\/a><\/span><\/span><\/strong><\/em><\/td>\n<\/tr>\n<\/tbody>\n<\/table>\n<table style=\"font-family: 'Open Sans', sans-serif; font-size: 15px;\">\n<tbody>\n<tr>\n<td width=\"707\">\n<h2><a href=\"http:\/\/www.kunstinvestor.at\/media\/\" target=\"_blank\" rel=\"noopener\"><strong><span style=\"color: #000000;\">KUNST<span style=\"font-family: 'arial black', sans-serif; font-size: 24pt; color: #ff0000;\">.<\/span>INVESTOR-MEDIADATEN<br \/>\n(<span style=\"color: #0000ff;\">KLICKE HIER<\/span>)<\/span><\/strong><\/a><\/h2>\n<\/td>\n<\/tr>\n<\/tbody>\n<\/table>\n<p><strong><em><span style=\"color: #0000ff;\"><span style=\"color: #000000;\"><a href=\"http:\/\/www.kunstinvestor.at\/aktuell\/wp-content\/uploads\/6-1.jpg\"><img loading=\"lazy\" decoding=\"async\" class=\"size-full wp-image-12585 alignnone\" src=\"http:\/\/www.kunstinvestor.at\/aktuell\/wp-content\/uploads\/6-1.jpg\" alt=\"\" width=\"864\" height=\"22\" srcset=\"http:\/\/www.kunstinvestor.at\/aktuell\/wp-content\/uploads\/6-1.jpg 864w, http:\/\/www.kunstinvestor.at\/aktuell\/wp-content\/uploads\/6-1-300x8.jpg 300w, http:\/\/www.kunstinvestor.at\/aktuell\/wp-content\/uploads\/6-1-768x20.jpg 768w, http:\/\/www.kunstinvestor.at\/aktuell\/wp-content\/uploads\/6-1-700x18.jpg 700w, http:\/\/www.kunstinvestor.at\/aktuell\/wp-content\/uploads\/6-1-332x8.jpg 332w\" sizes=\"(max-width: 864px) 100vw, 864px\" \/><\/a><\/span><\/span><\/em><\/strong><\/p>\n<table>\n<tbody>\n<tr>\n<td width=\"614\"><iframe loading=\"lazy\" src=\"https:\/\/www.youtube.com\/embed\/yZLD7uKK9po?rel=0&amp;controls=0&amp;showinfo=0\" width=\"560\" height=\"315\" frameborder=\"0\" allowfullscreen=\"allowfullscreen\"><\/iframe><\/td>\n<\/tr>\n<\/tbody>\n<\/table>\n<p><em><strong><span style=\"color: #0000ff;\"><span style=\"color: #000000;\"><a href=\"http:\/\/www.kunstinvestor.at\/aktuell\/wp-content\/uploads\/6-1.jpg\"><img loading=\"lazy\" decoding=\"async\" class=\"size-full wp-image-12585 alignnone\" src=\"http:\/\/www.kunstinvestor.at\/aktuell\/wp-content\/uploads\/6-1.jpg\" alt=\"\" width=\"864\" height=\"22\" srcset=\"http:\/\/www.kunstinvestor.at\/aktuell\/wp-content\/uploads\/6-1.jpg 864w, http:\/\/www.kunstinvestor.at\/aktuell\/wp-content\/uploads\/6-1-300x8.jpg 300w, http:\/\/www.kunstinvestor.at\/aktuell\/wp-content\/uploads\/6-1-768x20.jpg 768w, http:\/\/www.kunstinvestor.at\/aktuell\/wp-content\/uploads\/6-1-700x18.jpg 700w, http:\/\/www.kunstinvestor.at\/aktuell\/wp-content\/uploads\/6-1-332x8.jpg 332w\" sizes=\"(max-width: 864px) 100vw, 864px\" \/><\/a><\/span><\/span><\/strong><\/em><\/p>\n<table>\n<tbody>\n<tr>\n<td width=\"614\">\n<h4><strong>Profitieren Sie\u00a0mit KUNSTINVESTOR, indem Sie die<br \/>\nKunst\u00a0und Geschichte sinnvoll verkn\u00fcpfen<\/strong><strong><a href=\"http:\/\/www.kunstinvestor.at\/\" target=\"_blank\" rel=\"noopener noreferrer\"><img loading=\"lazy\" decoding=\"async\" class=\"size-full wp-image-11606 aligncenter\" src=\"http:\/\/www.kunstinvestor.at\/aktuell\/wp-content\/uploads\/Kunstinvestor-3.jpg\" alt=\"kunstinvestor\" width=\"448\" height=\"70\" srcset=\"http:\/\/www.kunstinvestor.at\/aktuell\/wp-content\/uploads\/Kunstinvestor-3.jpg 448w, http:\/\/www.kunstinvestor.at\/aktuell\/wp-content\/uploads\/Kunstinvestor-3-300x47.jpg 300w, http:\/\/www.kunstinvestor.at\/aktuell\/wp-content\/uploads\/Kunstinvestor-3-332x52.jpg 332w\" sizes=\"(max-width: 448px) 100vw, 448px\" \/><\/a>Sie finden uns auch auf den u. a. &#8218;Social Media&#8216;- Websites<\/strong><\/h4>\n<\/td>\n<\/tr>\n<\/tbody>\n<\/table>\n<table style=\"font-family: 'Open Sans', sans-serif; font-size: 15px;\">\n<tbody>\n<tr>\n<td width=\"177\"><a href=\"https:\/\/twitter.com\/kunstinvestor\" target=\"_blank\" rel=\"noopener noreferrer\"><img loading=\"lazy\" decoding=\"async\" class=\"size-full wp-image-11600 aligncenter\" src=\"http:\/\/www.kunstinvestor.at\/aktuell\/wp-content\/uploads\/twitter.png\" alt=\"twitter\" width=\"80\" height=\"80\" \/><\/a><\/td>\n<td width=\"177\"><a href=\"https:\/\/kunstinvestor.tumblr.com\/\" target=\"_blank\" rel=\"noopener noreferrer\"><img loading=\"lazy\" decoding=\"async\" class=\"size-full wp-image-11599 aligncenter\" src=\"http:\/\/www.kunstinvestor.at\/aktuell\/wp-content\/uploads\/tumblr.png\" alt=\"tumblr\" width=\"80\" height=\"80\" \/><\/a><\/td>\n<td width=\"177\"><a href=\"https:\/\/www.pinterest.com\/kunstinvestor\/kunst-als-kapitalanlage\/\" target=\"_blank\" rel=\"noopener noreferrer\"><img loading=\"lazy\" decoding=\"async\" class=\" wp-image-12358 aligncenter\" src=\"http:\/\/www.kunstinvestor.at\/aktuell\/wp-content\/uploads\/pinterest.png\" alt=\"\" width=\"92\" height=\"91\" \/><\/a><\/td>\n<td width=\"177\"><a href=\"https:\/\/plus.google.com\/u\/1\/110417926730791676324\" target=\"_blank\" rel=\"noopener noreferrer\"><img loading=\"lazy\" decoding=\"async\" class=\"size-full wp-image-11598 aligncenter\" src=\"http:\/\/www.kunstinvestor.at\/aktuell\/wp-content\/uploads\/google.png\" alt=\"google\" width=\"81\" height=\"79\" \/><\/a><\/td>\n<\/tr>\n<\/tbody>\n<\/table>\n<p><em><strong><span style=\"color: #0000ff;\"><span style=\"color: #000000;\"><a href=\"http:\/\/www.kunstinvestor.at\/aktuell\/wp-content\/uploads\/6-1.jpg\"><img loading=\"lazy\" decoding=\"async\" class=\"size-full wp-image-12585 alignnone\" src=\"http:\/\/www.kunstinvestor.at\/aktuell\/wp-content\/uploads\/6-1.jpg\" alt=\"\" width=\"864\" height=\"22\" srcset=\"http:\/\/www.kunstinvestor.at\/aktuell\/wp-content\/uploads\/6-1.jpg 864w, http:\/\/www.kunstinvestor.at\/aktuell\/wp-content\/uploads\/6-1-300x8.jpg 300w, http:\/\/www.kunstinvestor.at\/aktuell\/wp-content\/uploads\/6-1-768x20.jpg 768w, http:\/\/www.kunstinvestor.at\/aktuell\/wp-content\/uploads\/6-1-700x18.jpg 700w, http:\/\/www.kunstinvestor.at\/aktuell\/wp-content\/uploads\/6-1-332x8.jpg 332w\" sizes=\"(max-width: 864px) 100vw, 864px\" \/><\/a><\/span><\/span><\/strong><\/em><\/p>\n<table>\n<tbody>\n<tr>\n<td width=\"614\">\n<pre><em><strong>Vertrieb(Online):<\/strong>\u00a0 Durch eigene Datenbank und im Rahmen einer engen Kooperation und\r\n Zusammenarbeit mit den Messen und Namhaften Firmen \u00d6sterreichs wird der\r\n Onlinevertrieb(Zielgruppe; Counter-Mitarbeiter und die Entscheidungstr\u00e4ger \u00d6sterreichs)\r\n unterst\u00fctzt. Dar\u00fcber hinaus sind in Sozialen Medien wie <strong>TUMBLR<\/strong>, <strong>TWITTER<\/strong>,\r\n<strong>GOOGLE<\/strong> und  <strong>PINTEREST<\/strong> vertreten, erg\u00e4nzt mit Publikationen wie\u00a0<strong>ISSUU<\/strong> sowie <strong>YUMPU<\/strong>.\r\n <\/em><em>Mehr als 360.000 Unique Clients sorgen f\u00fcr 30 Millionen  <\/em><em>Page Impressions in der Online-Welt.<\/em><\/pre>\n<\/td>\n<\/tr>\n<\/tbody>\n<\/table>\n<h4 style=\"text-align: center;\"><span style=\"color: #000000;\"><strong>KUNST<span style=\"color: #ff0000;\">.<\/span>INVESTOR-LESER WELTWEIT<\/strong><\/span><\/h4>\n<h6 style=\"text-align: center;\"><a href=\"https:\/\/issuu.com\/about\" target=\"_blank\" rel=\"noopener noreferrer\"><img loading=\"lazy\" decoding=\"async\" class=\"size-full wp-image-9945 aligncenter\" src=\"http:\/\/www.kunstinvestor.at\/aktuell\/wp-content\/uploads\/ISSUU-2016.png\" alt=\"ISSUU 2016\" width=\"510\" height=\"484\" srcset=\"http:\/\/www.kunstinvestor.at\/aktuell\/wp-content\/uploads\/ISSUU-2016.png 510w, http:\/\/www.kunstinvestor.at\/aktuell\/wp-content\/uploads\/ISSUU-2016-300x285.png 300w, http:\/\/www.kunstinvestor.at\/aktuell\/wp-content\/uploads\/ISSUU-2016-332x315.png 332w\" sizes=\"(max-width: 510px) 100vw, 510px\" \/><\/a><a href=\"https:\/\/issuu.com\/about\" target=\"_blank\" rel=\"noopener noreferrer\"><img loading=\"lazy\" decoding=\"async\" class=\" wp-image-10126 aligncenter\" src=\"http:\/\/www.kunstinvestor.at\/aktuell\/wp-content\/uploads\/leseger\u00e4te.png\" alt=\"leseger\u00e4te\" width=\"510\" height=\"283\" \/><\/a><\/h6>\n<p><em><strong><span style=\"color: #0000ff;\"><span style=\"color: #000000;\"><a href=\"http:\/\/www.kunstinvestor.at\/aktuell\/wp-content\/uploads\/6-1.jpg\"><img loading=\"lazy\" decoding=\"async\" class=\"size-full wp-image-12585 alignnone\" src=\"http:\/\/www.kunstinvestor.at\/aktuell\/wp-content\/uploads\/6-1.jpg\" alt=\"\" width=\"864\" height=\"22\" srcset=\"http:\/\/www.kunstinvestor.at\/aktuell\/wp-content\/uploads\/6-1.jpg 864w, http:\/\/www.kunstinvestor.at\/aktuell\/wp-content\/uploads\/6-1-300x8.jpg 300w, http:\/\/www.kunstinvestor.at\/aktuell\/wp-content\/uploads\/6-1-768x20.jpg 768w, http:\/\/www.kunstinvestor.at\/aktuell\/wp-content\/uploads\/6-1-700x18.jpg 700w, http:\/\/www.kunstinvestor.at\/aktuell\/wp-content\/uploads\/6-1-332x8.jpg 332w\" sizes=\"(max-width: 864px) 100vw, 864px\" \/><\/a><\/span><\/span><\/strong><\/em><\/p>\n<table style=\"border-collapse: collapse; width: 100%;\" border=\"1\">\n<tbody>\n<tr>\n<td style=\"width: 100%; text-align: center;\"><span style=\"font-size: 12pt;\"><strong><span style=\"font-family: arial, helvetica, sans-serif;\"><span style=\"text-decoration: underline; font-family: 'courier new', courier, monospace; font-size: 18pt;\">Newsletter<\/span><br \/>\n<span style=\"color: #000000;\"><a style=\"color: #000000;\" href=\"http:\/\/www.kunstinvestor.at\/anmeldung-magazin\/\" target=\"_blank\" rel=\"noopener\"><span style=\"text-decoration: underline;\">KUNST<span style=\"color: #ff0000; font-family: 'arial black', sans-serif; font-size: 14pt; text-decoration: underline;\">.<\/span>INVESTOR <span style=\"font-family: tahoma, arial, helvetica, sans-serif; font-size: 10pt;\">MAGAZIN(e-Paper)<\/span><\/span><\/a><\/span><br \/>\n<em><span style=\"color: #000000;\"><a style=\"color: #000000;\" href=\"http:\/\/www.kunstinvestor.at\/anmeldung-magazin\/\" target=\"_blank\" rel=\"noopener\">Jetzt kostenlos anmelden und zum Thema<br \/>\nKunstmarkt<\/a>\u00a0<\/span><a href=\"http:\/\/www.kunstinvestor.at\/anmeldung-magazin\/\" target=\"_blank\" rel=\"noopener\"><span style=\"color: #000000;\">stets auf dem Laufenden bleiben(<\/span><span style=\"color: #0000ff;\">HIER<\/span><span style=\"color: #000000;\">).<\/span><\/a><\/em><\/span><\/strong><\/span><\/td>\n<\/tr>\n<\/tbody>\n<\/table>\n<p style=\"text-align: justify;\"><strong><img loading=\"lazy\" decoding=\"async\" class=\"size-full wp-image-12585 aligncenter\" src=\"http:\/\/www.kunstinvestor.at\/aktuell\/wp-content\/uploads\/6-1.jpg\" alt=\"\" width=\"864\" height=\"22\" srcset=\"http:\/\/www.kunstinvestor.at\/aktuell\/wp-content\/uploads\/6-1.jpg 864w, http:\/\/www.kunstinvestor.at\/aktuell\/wp-content\/uploads\/6-1-300x8.jpg 300w, http:\/\/www.kunstinvestor.at\/aktuell\/wp-content\/uploads\/6-1-768x20.jpg 768w, http:\/\/www.kunstinvestor.at\/aktuell\/wp-content\/uploads\/6-1-700x18.jpg 700w, http:\/\/www.kunstinvestor.at\/aktuell\/wp-content\/uploads\/6-1-332x8.jpg 332w\" sizes=\"(max-width: 864px) 100vw, 864px\" \/><\/strong><\/p>\n<p><em><strong><span style=\"color: #0000ff;\"><span style=\"color: #000000;\">\u00a0<\/span><\/span><\/strong><\/em><\/p>\n","protected":false},"excerpt":{"rendered":"<p>Am sogenannten Wiener Arbeiterstrich an der Triester Stra\u00dfe, der Herbststra\u00dfe und der Br\u00fcnner Stra\u00dfe l\u00e4sst der Architekt und K\u00fcnstler Milan Mijalkovic vom 23. bis 30. August t\u00e4glich einen Kaltwasser-brunnen in Busenform vorfahren \u2013 \u201eDie Wiener Maria\u201c. \u201eKann alles Arbeit\u201c ist ein Satz, der in der illegalen Subkultur der Wiener Baubranche &#8230;<\/p>\n","protected":false},"author":2,"featured_media":14608,"comment_status":"closed","ping_status":"closed","sticky":false,"template":"","format":"standard","meta":{"footnotes":""},"categories":[1],"tags":[],"aioseo_notices":[],"_links":{"self":[{"href":"http:\/\/www.kunstinvestor.at\/aktuell\/wp-json\/wp\/v2\/posts\/14606"}],"collection":[{"href":"http:\/\/www.kunstinvestor.at\/aktuell\/wp-json\/wp\/v2\/posts"}],"about":[{"href":"http:\/\/www.kunstinvestor.at\/aktuell\/wp-json\/wp\/v2\/types\/post"}],"author":[{"embeddable":true,"href":"http:\/\/www.kunstinvestor.at\/aktuell\/wp-json\/wp\/v2\/users\/2"}],"replies":[{"embeddable":true,"href":"http:\/\/www.kunstinvestor.at\/aktuell\/wp-json\/wp\/v2\/comments?post=14606"}],"version-history":[{"count":2,"href":"http:\/\/www.kunstinvestor.at\/aktuell\/wp-json\/wp\/v2\/posts\/14606\/revisions"}],"predecessor-version":[{"id":14609,"href":"http:\/\/www.kunstinvestor.at\/aktuell\/wp-json\/wp\/v2\/posts\/14606\/revisions\/14609"}],"wp:featuredmedia":[{"embeddable":true,"href":"http:\/\/www.kunstinvestor.at\/aktuell\/wp-json\/wp\/v2\/media\/14608"}],"wp:attachment":[{"href":"http:\/\/www.kunstinvestor.at\/aktuell\/wp-json\/wp\/v2\/media?parent=14606"}],"wp:term":[{"taxonomy":"category","embeddable":true,"href":"http:\/\/www.kunstinvestor.at\/aktuell\/wp-json\/wp\/v2\/categories?post=14606"},{"taxonomy":"post_tag","embeddable":true,"href":"http:\/\/www.kunstinvestor.at\/aktuell\/wp-json\/wp\/v2\/tags?post=14606"}],"curies":[{"name":"wp","href":"https:\/\/api.w.org\/{rel}","templated":true}]}}