{"id":15962,"date":"2019-05-29T11:24:20","date_gmt":"2019-05-29T11:24:20","guid":{"rendered":"http:\/\/www.kunstinvestor.at\/aktuell\/?p=15962"},"modified":"2019-05-29T11:24:47","modified_gmt":"2019-05-29T11:24:47","slug":"schicksale-von-kaisern-und-koenigen","status":"publish","type":"post","link":"http:\/\/www.kunstinvestor.at\/aktuell\/schicksale-von-kaisern-und-koenigen\/","title":{"rendered":"Schicksale von Kaisern und K\u00f6nigen"},"content":{"rendered":"<p style=\"text-align: center;\"><strong><span style=\"font-family: arial, helvetica, sans-serif; font-size: 12pt;\"><img loading=\"lazy\" decoding=\"async\" class=\"aligncenter wp-image-15964\" title=\"Kaiserin Charlotte von Mexiko: Hochadeliger Sternkreuzorden in Brillanten, pers\u00f6nliches Ordenszeichen der Kaiserin Charlotte von Mexiko, geborene Prinzessin von Belgien. Provenienz: Kaiserin Charlotte von Mexiko, im Erbweg an Erzherzogin Elisabeth (&quot;Erszi&quot;), einzige Tochter von Kronprinz Rudolf von \u00d6sterreich und Nachkommen. Sch\u00e4tzwert \u20ac 60.000 - 90.000\" src=\"http:\/\/www.kunstinvestor.at\/aktuell\/wp-content\/uploads\/190618CharlotteSteinkreuzorden.jpg\" alt=\"\" width=\"643\" height=\"420\" \/>Pers\u00f6nliche St\u00fccke aus dem Besitz von Maximilian von Mexiko und Napoleon I. bei Kaiserhaus-Auktion am 18. Juni 2019 im Dorotheum<\/span><\/strong><\/p>\n<p style=\"text-align: justify;\"><em><span style=\"font-family: arial, helvetica, sans-serif; font-size: 12pt;\">Einmal j\u00e4hrlich klingelt die Auktionsglocke im Dorotheum f\u00fcr Kaiserhaus-Objekte. Am 18. Juni 2019 werden St\u00fccke aus dem pers\u00f6nlichen Besitz von Napoleon I., Maximilian von Mexiko, Charlotte von Mexiko, Elisabeth von \u00d6sterreich, und Franz Joseph I. von \u00d6sterreich versteigert.<br \/>\n<\/span><\/em><br \/>\n<span style=\"font-family: arial, helvetica, sans-serif; font-size: 12pt;\"><strong><a href=\"http:\/\/www.kunstinvestor.at\/aktuell\/wp-content\/uploads\/190618MaximilianOrdenGoldVlies.jpg\"><img loading=\"lazy\" decoding=\"async\" class=\"alignleft wp-image-15965 size-full\" title=\"Kaiser Maximilian von Mexiko (1832 - 1867): Orden vom Goldenen Vlies in Brillanten, pers\u00f6nliche Halsdekoration des Ordens vom Goldenen Vlies in sogenannter Prinzengr\u00f6\u00dfe, bestehend aus Widder, Flammen und stilisiertem Feuerstahl, um 1860. Nach dem Tod des Kaisers wurde diese pers\u00f6nliche Halsdekoration an die Eltern Erzherzog Franz Karl und Erzherzogin Sophie \u00fcbergeben. Diese gaben die Ordensdekoration an Kronprinz Rudolf an Erinnerung an seinen Onkel weiter. Sch\u00e4tzwert \u20ac 50.000 - 70.000\" src=\"http:\/\/www.kunstinvestor.at\/aktuell\/wp-content\/uploads\/190618MaximilianOrdenGoldVlies.jpg\" alt=\"\" width=\"336\" height=\"393\" srcset=\"http:\/\/www.kunstinvestor.at\/aktuell\/wp-content\/uploads\/190618MaximilianOrdenGoldVlies.jpg 336w, http:\/\/www.kunstinvestor.at\/aktuell\/wp-content\/uploads\/190618MaximilianOrdenGoldVlies-256x300.jpg 256w, http:\/\/www.kunstinvestor.at\/aktuell\/wp-content\/uploads\/190618MaximilianOrdenGoldVlies-332x388.jpg 332w\" sizes=\"(max-width: 336px) 100vw, 336px\" \/><\/a>Ungl\u00fccklicher Kaiser:<\/strong> Voller Erwartungen waren Erzherzog Ferdinand Maximilian, j\u00fcngerer Bruder von Kaiser Franz Joseph I., und seine junge Frau, die belgische Prinzessin Charlotte, nach Mexiko aufgebrochen, doch die nur vier Jahre Maximilians als Kaiser von Mexiko verliefen fatal: Benito Ju\u00e1rez setzte sich im Machtkampf durch, Maximilian wurde standrechtlich erschossen, Charlotte verfiel dem Wahnsinn. Versteigert werden Maximilians mit Brillanten, Gold und Diamanten besetzter Orden vom Goldenen Vlies (\u20ac 50.000 \u2013 70.000) sowie Charlottes Hochadeliger Sternkreuzorden mit Brillanten (\u20ac 60.000 \u2013 90.000). Die au\u00dfergew\u00f6hnlichen Dekorationen stammen aus dem Besitz von Kronprinz Rudolf. Ebenso in der Auktion: Ein Ring mit Maximilians kaiserlichem Monogramm (Sch\u00e4tzwert \u20ac 4.000 \u2013 8.000) und sein pers\u00f6nlicher Zigarettenspitz (\u20ac 2.000 \u2013 4.000).<\/span><\/p>\n<p style=\"text-align: justify;\"><span style=\"font-family: arial, helvetica, sans-serif; font-size: 12pt;\"><strong><img loading=\"lazy\" decoding=\"async\" class=\"alignright wp-image-15966 size-full\" title=\"Kaiser Napoleon I.: Bedeutende museale Deckelschale anl\u00e4sslich der Geburt seines Sohnes Napoleon II., K\u00f6nig von Rom, Porzellanmanufaktur Sevres, Innenvergoldung, Medaillons mit Monogramm &quot;N&quot; (Napoleon) und &quot;ML&quot; (Marie Louise), mit Miniaturbildern &quot;Minerva \u00fcberbringt im Schiff dem r\u00f6mischen Flu\u00dfgott Tiber den neugeborenen Sohn von Rom&quot; und &quot;\u00dcbergabe des K\u00f6nigs von Rom durch Minerva an Kaiser Napoleon I. in Gestalt des Herkules&quot;. Sch\u00e4tzwert \u20ac 40.000 - 60.000\" src=\"http:\/\/www.kunstinvestor.at\/aktuell\/wp-content\/uploads\/190619NapoleonDeckelschale.jpg\" alt=\"\" width=\"352\" height=\"336\" srcset=\"http:\/\/www.kunstinvestor.at\/aktuell\/wp-content\/uploads\/190619NapoleonDeckelschale.jpg 352w, http:\/\/www.kunstinvestor.at\/aktuell\/wp-content\/uploads\/190619NapoleonDeckelschale-300x286.jpg 300w, http:\/\/www.kunstinvestor.at\/aktuell\/wp-content\/uploads\/190619NapoleonDeckelschale-332x317.jpg 332w\" sizes=\"(max-width: 352px) 100vw, 352px\" \/>K\u00f6nig nur zur Geburt:<\/strong> Ebenfalls zur Auktion gelangt eine kunstvolle Porzellan-Deckelschale, die zu einem Service geh\u00f6rte, das Kaiser Napoleon I. bei der Manufaktur S\u00e8vres in Auftrag gab. Anlass war die Geburt seines ersehnten Sohnes und Thronfolgers, den er am 20. M\u00e4rz 1811 gleich zum K\u00f6nig von Rom ernannte. Die kunstvollen Miniaturen der Schale zeigen die griechische G\u00f6ttin Minerva, die dem r\u00f6mischen Flussgott Tiber und dem als Herkules portr\u00e4tierten Kaiser Napoleon I. das Kind \u00fcberreicht (Sch\u00e4tzwert \u20ac 40.000 \u2013 60.000). \u201eK\u00f6nig von Rom\u201c blieb Napoleon II. nur bis zum Alter von vier Jahren, als sein Vater endg\u00fcltig als Kaiser der Franzosen abdanken musste. Der Sohn von Napoleon I. und Marie Louise, der Tochter Kaiser Franz\u2018 I., starb bereits im Alter von 21 Jahren.<\/span><\/p>\n<p style=\"text-align: justify;\"><span style=\"font-family: arial, helvetica, sans-serif; font-size: 12pt;\"><strong><a href=\"http:\/\/www.kunstinvestor.at\/aktuell\/wp-content\/uploads\/190618ElisabethHandschuhe.jpg\"><img loading=\"lazy\" decoding=\"async\" class=\"alignleft wp-image-15967 size-full\" title=\"Kaiserin Elisabeth von \u00d6sterreich: Paar Handschuhe aus Rehleder, jeweils drei Kn\u00f6pfe, inseitig verschiedene Nummernstempel, Inventaretikett, L\u00e4nge 56 cm, um 1880, Provenienz: Kaiserin Elisabeth von \u00d6sterreich, Erzherzogin Marie Valerie und Nachkommen, Sch\u00e4tzwert \u20ac 3.000 - 5.000\" src=\"http:\/\/www.kunstinvestor.at\/aktuell\/wp-content\/uploads\/190618ElisabethHandschuhe.jpg\" alt=\"\" width=\"440\" height=\"336\" srcset=\"http:\/\/www.kunstinvestor.at\/aktuell\/wp-content\/uploads\/190618ElisabethHandschuhe.jpg 440w, http:\/\/www.kunstinvestor.at\/aktuell\/wp-content\/uploads\/190618ElisabethHandschuhe-300x229.jpg 300w, http:\/\/www.kunstinvestor.at\/aktuell\/wp-content\/uploads\/190618ElisabethHandschuhe-332x254.jpg 332w\" sizes=\"(max-width: 440px) 100vw, 440px\" \/><\/a>Begehrt und beliebt: Kaiserin Sisi:<\/strong> Bei Kaiserhaus-Auktionen besonders begehrt sind Erinnerungsst\u00fccke aus dem Besitz der \u00f6sterreichischen Kaiserin Elisabeth: Darunter ist diesmal eine pers\u00f6nliche Teegarnitur der Kaiserin, gefertigt vom Wiener Hof- und Kammerlieferanten Mayerhofer und Klinkosch (Sch\u00e4tzwert \u20ac 10.000 \u2013 20.000). Ebenfalls Kaiserin \u201eSisi\u201c geh\u00f6rten eine Brosche mit Diamanten und Smaragden, die sie ihrer Enkelin Erzherzogin Elisabeth, weiterschenkte (\u20ac 4.500 \u2013 8.000), ein Paar rehlederne Handschuhe (\u20ac 3.000 \u2013 5.000) und ein Taschentuch (\u20ac 400 \u2013 600).<\/span><\/p>\n<p style=\"text-align: justify;\"><span style=\"font-family: arial, helvetica, sans-serif; font-size: 12pt;\"><strong>Schlafen wie ein Kaiser:<\/strong> Von \u201eSisis\u201c Gatten, Kaiser Franz Joseph I., gelangt ein Kopfpolsterbezug mit wei\u00df gesticktem Allerh\u00f6chsten Namenszug \u201eFJ\u201c mit Kaiserkrone und Jahreszahl 1896 zum Aufruf. F\u00fcr gesch\u00e4tzte 400 bis 600 Euro kann man kaiserlich tr\u00e4umen. Au\u00dferdem wird ein Paar goldene Manschettenkn\u00f6pfe, ebenfalls mit dem Allerh\u00f6chsten Namenszug \u201eFJI\u201c, versteigert (\u20ac 3.000 \u2013 4.000). Foto: \u00a9 Dorotheum<\/span><\/p>\n<p style=\"text-align: justify;\"><strong><span style=\"color: #0000ff;\"><span style=\"color: #000000;\"><span style=\"font-family: arial, helvetica, sans-serif;\"><em><img loading=\"lazy\" decoding=\"async\" class=\"size-full wp-image-12585 aligncenter\" src=\"http:\/\/www.kunstinvestor.at\/aktuell\/wp-content\/uploads\/6-1.jpg\" alt=\"\" width=\"864\" height=\"22\" srcset=\"http:\/\/www.kunstinvestor.at\/aktuell\/wp-content\/uploads\/6-1.jpg 864w, http:\/\/www.kunstinvestor.at\/aktuell\/wp-content\/uploads\/6-1-300x8.jpg 300w, http:\/\/www.kunstinvestor.at\/aktuell\/wp-content\/uploads\/6-1-768x20.jpg 768w, http:\/\/www.kunstinvestor.at\/aktuell\/wp-content\/uploads\/6-1-700x18.jpg 700w, http:\/\/www.kunstinvestor.at\/aktuell\/wp-content\/uploads\/6-1-332x8.jpg 332w\" sizes=\"(max-width: 864px) 100vw, 864px\" \/><\/em>[contact-form-7 id=&#8220;14529&#8243; title=&#8220;2018-Abo-Anmeldung(Neu)&#8220;]<\/span><\/span><\/span><\/strong><em><strong><span style=\"color: #0000ff;\"><span style=\"color: #000000;\"><br \/>\n<img loading=\"lazy\" decoding=\"async\" class=\"size-full wp-image-12585 aligncenter\" src=\"http:\/\/www.kunstinvestor.at\/aktuell\/wp-content\/uploads\/6-1.jpg\" alt=\"\" width=\"864\" height=\"22\" srcset=\"http:\/\/www.kunstinvestor.at\/aktuell\/wp-content\/uploads\/6-1.jpg 864w, http:\/\/www.kunstinvestor.at\/aktuell\/wp-content\/uploads\/6-1-300x8.jpg 300w, http:\/\/www.kunstinvestor.at\/aktuell\/wp-content\/uploads\/6-1-768x20.jpg 768w, http:\/\/www.kunstinvestor.at\/aktuell\/wp-content\/uploads\/6-1-700x18.jpg 700w, http:\/\/www.kunstinvestor.at\/aktuell\/wp-content\/uploads\/6-1-332x8.jpg 332w\" sizes=\"(max-width: 864px) 100vw, 864px\" \/><\/span><\/span><\/strong><\/em><\/p>\n<p style=\"text-align: center;\"><strong><span style=\"font-family: tahoma, arial, helvetica, sans-serif;\">Sie finden &#8218;<span style=\"font-family: helvetica, arial, sans-serif; font-size: 14pt;\">KUNST<span style=\"font-family: 'arial black', sans-serif; color: #ff0000;\">.<\/span>INVESTOR&#8216;<\/span> auch auf den u. a. &#8218;Social Media&#8216;- Websites<\/span><\/strong><\/p>\n<p>&nbsp;<\/p>\n<table>\n<tbody>\n<tr>\n<td width=\"205\"><a href=\"https:\/\/twitter.com\/kunstinvestor\" target=\"_blank\" rel=\"noopener noreferrer\"><img loading=\"lazy\" decoding=\"async\" class=\"size-full wp-image-11600 aligncenter\" src=\"http:\/\/www.kunstinvestor.at\/aktuell\/wp-content\/uploads\/twitter.png\" alt=\"twitter\" width=\"80\" height=\"80\" \/><\/a><\/td>\n<td width=\"205\"><a href=\"https:\/\/kunstinvestor.tumblr.com\/\" target=\"_blank\" rel=\"noopener noreferrer\"><img loading=\"lazy\" decoding=\"async\" class=\"size-full wp-image-11599 aligncenter\" src=\"http:\/\/www.kunstinvestor.at\/aktuell\/wp-content\/uploads\/tumblr.png\" alt=\"tumblr\" width=\"80\" height=\"80\" \/><\/a><\/td>\n<td width=\"205\"><a href=\"https:\/\/www.facebook.com\/kunstinvestor.online\/\" target=\"_blank\" rel=\"noopener noreferrer\"><img loading=\"lazy\" decoding=\"async\" class=\"size-full wp-image-14713 aligncenter\" src=\"http:\/\/www.kunstinvestor.at\/aktuell\/wp-content\/uploads\/facebook.jpg\" alt=\"\" width=\"81\" height=\"80\" \/><\/a><\/td>\n<\/tr>\n<\/tbody>\n<\/table>\n<table style=\"font-family: 'Open Sans', sans-serif; font-size: 15px;\">\n<tbody>\n<tr>\n<td width=\"707\">\n<p style=\"text-align: justify;\"><em><strong><span style=\"color: #0000ff;\"><span style=\"color: #000000;\"><img loading=\"lazy\" decoding=\"async\" class=\"size-full wp-image-12585 aligncenter\" src=\"http:\/\/www.kunstinvestor.at\/aktuell\/wp-content\/uploads\/6-1.jpg\" alt=\"\" width=\"864\" height=\"22\" srcset=\"http:\/\/www.kunstinvestor.at\/aktuell\/wp-content\/uploads\/6-1.jpg 864w, http:\/\/www.kunstinvestor.at\/aktuell\/wp-content\/uploads\/6-1-300x8.jpg 300w, http:\/\/www.kunstinvestor.at\/aktuell\/wp-content\/uploads\/6-1-768x20.jpg 768w, http:\/\/www.kunstinvestor.at\/aktuell\/wp-content\/uploads\/6-1-700x18.jpg 700w, http:\/\/www.kunstinvestor.at\/aktuell\/wp-content\/uploads\/6-1-332x8.jpg 332w\" sizes=\"(max-width: 864px) 100vw, 864px\" \/><a href=\"http:\/\/www.kunstinvestor.at\/aktuell\/wp-content\/uploads\/6-1.jpg\"><img loading=\"lazy\" decoding=\"async\" class=\"size-full wp-image-12585 aligncenter\" src=\"http:\/\/www.kunstinvestor.at\/aktuell\/wp-content\/uploads\/6-1.jpg\" alt=\"\" width=\"864\" height=\"22\" srcset=\"http:\/\/www.kunstinvestor.at\/aktuell\/wp-content\/uploads\/6-1.jpg 864w, http:\/\/www.kunstinvestor.at\/aktuell\/wp-content\/uploads\/6-1-300x8.jpg 300w, http:\/\/www.kunstinvestor.at\/aktuell\/wp-content\/uploads\/6-1-768x20.jpg 768w, http:\/\/www.kunstinvestor.at\/aktuell\/wp-content\/uploads\/6-1-700x18.jpg 700w, http:\/\/www.kunstinvestor.at\/aktuell\/wp-content\/uploads\/6-1-332x8.jpg 332w\" sizes=\"(max-width: 864px) 100vw, 864px\" \/><\/a><\/span><\/span><\/strong><\/em><strong><span style=\"color: #000000; font-family: arial, helvetica, sans-serif;\">KUNST<span style=\"color: #ff0000;\">.<\/span>INVESTOR \u2013 Lesen Sie die aktuelle Ausgabe(e-Paper) wie ein gedrucktes<br \/>\nPrintprodukt am Bildschirm <span style=\"color: #0000ff;\">(ein Moment bitte, Download l\u00e4uft\u2026\u2026\u2026\u2026\u2026.\u2026..\u2026\u2026)<\/span><\/span><\/strong><\/p>\n<p>&nbsp;<\/p>\n<div class=\"issuuembed\" style=\"width: 100%; height: 283px;\" data-configid=\"36645651\/69494541\"><\/div>\n<p><script type=\"text\/javascript\" src=\"\/\/e.issuu.com\/embed.js\" async=\"true\"><\/script><\/p>\n<p>&nbsp;<\/p>\n<p><em><strong><span style=\"color: #0000ff;\"><span style=\"color: #000000;\"><a href=\"http:\/\/www.kunstinvestor.at\/aktuell\/wp-content\/uploads\/6-1.jpg\"><img loading=\"lazy\" decoding=\"async\" class=\"size-full wp-image-12585 alignnone\" src=\"http:\/\/www.kunstinvestor.at\/aktuell\/wp-content\/uploads\/6-1.jpg\" alt=\"\" width=\"864\" height=\"22\" srcset=\"http:\/\/www.kunstinvestor.at\/aktuell\/wp-content\/uploads\/6-1.jpg 864w, http:\/\/www.kunstinvestor.at\/aktuell\/wp-content\/uploads\/6-1-300x8.jpg 300w, http:\/\/www.kunstinvestor.at\/aktuell\/wp-content\/uploads\/6-1-768x20.jpg 768w, http:\/\/www.kunstinvestor.at\/aktuell\/wp-content\/uploads\/6-1-700x18.jpg 700w, http:\/\/www.kunstinvestor.at\/aktuell\/wp-content\/uploads\/6-1-332x8.jpg 332w\" sizes=\"(max-width: 864px) 100vw, 864px\" \/><\/a><\/span><\/span><\/strong><\/em><\/p>\n<h2><a href=\"https:\/\/mrmmedia.files.wordpress.com\/2019\/03\/kunstinvestor-gesamt-april-2019-kibi.pdf\" target=\"_blank\" rel=\"noopener noreferrer\"><span style=\"color: #000000;\"><strong>PDF-MAGAZIN(<\/strong><\/span><strong><span style=\"color: #0000ff;\">DOWNLOAD<\/span><span style=\"color: #000000;\">)<\/span><\/strong><\/a><\/h2>\n<p><em><strong><span style=\"color: #0000ff;\"><span style=\"color: #000000;\"><a href=\"http:\/\/www.kunstinvestor.at\/aktuell\/wp-content\/uploads\/6-1.jpg\"><img loading=\"lazy\" decoding=\"async\" class=\"size-full wp-image-12585 alignnone\" src=\"http:\/\/www.kunstinvestor.at\/aktuell\/wp-content\/uploads\/6-1.jpg\" alt=\"\" width=\"864\" height=\"22\" srcset=\"http:\/\/www.kunstinvestor.at\/aktuell\/wp-content\/uploads\/6-1.jpg 864w, http:\/\/www.kunstinvestor.at\/aktuell\/wp-content\/uploads\/6-1-300x8.jpg 300w, http:\/\/www.kunstinvestor.at\/aktuell\/wp-content\/uploads\/6-1-768x20.jpg 768w, http:\/\/www.kunstinvestor.at\/aktuell\/wp-content\/uploads\/6-1-700x18.jpg 700w, http:\/\/www.kunstinvestor.at\/aktuell\/wp-content\/uploads\/6-1-332x8.jpg 332w\" sizes=\"(max-width: 864px) 100vw, 864px\" \/><\/a><\/span><\/span><\/strong><\/em><\/td>\n<\/tr>\n<\/tbody>\n<\/table>\n<table style=\"font-family: 'Open Sans', sans-serif; font-size: 15px;\">\n<tbody>\n<tr>\n<td width=\"707\">\n<h2><a href=\"http:\/\/www.kunstinvestor.at\/media\/\" target=\"_blank\" rel=\"noopener noreferrer\"><strong><span style=\"color: #000000;\">KUNST<span style=\"font-family: 'arial black', sans-serif; font-size: 24pt; color: #ff0000;\">.<\/span>INVESTOR-MEDIADATEN<br \/>\n(<span style=\"color: #0000ff;\">KLICKE HIER<\/span>)<\/span><\/strong><\/a><\/h2>\n<\/td>\n<\/tr>\n<\/tbody>\n<\/table>\n<p><strong><em><span style=\"color: #0000ff;\"><span style=\"color: #000000;\"><a href=\"http:\/\/www.kunstinvestor.at\/aktuell\/wp-content\/uploads\/6-1.jpg\"><img loading=\"lazy\" decoding=\"async\" class=\"size-full wp-image-12585 alignnone\" src=\"http:\/\/www.kunstinvestor.at\/aktuell\/wp-content\/uploads\/6-1.jpg\" alt=\"\" width=\"864\" height=\"22\" srcset=\"http:\/\/www.kunstinvestor.at\/aktuell\/wp-content\/uploads\/6-1.jpg 864w, http:\/\/www.kunstinvestor.at\/aktuell\/wp-content\/uploads\/6-1-300x8.jpg 300w, http:\/\/www.kunstinvestor.at\/aktuell\/wp-content\/uploads\/6-1-768x20.jpg 768w, http:\/\/www.kunstinvestor.at\/aktuell\/wp-content\/uploads\/6-1-700x18.jpg 700w, http:\/\/www.kunstinvestor.at\/aktuell\/wp-content\/uploads\/6-1-332x8.jpg 332w\" sizes=\"(max-width: 864px) 100vw, 864px\" \/><\/a><\/span><\/span><\/em><\/strong><\/p>\n<table>\n<tbody>\n<tr>\n<td width=\"614\"><iframe loading=\"lazy\" src=\"https:\/\/www.youtube.com\/embed\/yZLD7uKK9po?rel=0&amp;controls=0&amp;showinfo=0\" width=\"560\" height=\"315\" frameborder=\"0\" allowfullscreen=\"allowfullscreen\"><\/iframe><\/td>\n<\/tr>\n<\/tbody>\n<\/table>\n<p><em><strong><span style=\"color: #0000ff;\"><span style=\"color: #000000;\"><a href=\"http:\/\/www.kunstinvestor.at\/aktuell\/wp-content\/uploads\/6-1.jpg\"><img loading=\"lazy\" decoding=\"async\" class=\"size-full wp-image-12585 alignnone\" src=\"http:\/\/www.kunstinvestor.at\/aktuell\/wp-content\/uploads\/6-1.jpg\" alt=\"\" width=\"864\" height=\"22\" srcset=\"http:\/\/www.kunstinvestor.at\/aktuell\/wp-content\/uploads\/6-1.jpg 864w, http:\/\/www.kunstinvestor.at\/aktuell\/wp-content\/uploads\/6-1-300x8.jpg 300w, http:\/\/www.kunstinvestor.at\/aktuell\/wp-content\/uploads\/6-1-768x20.jpg 768w, http:\/\/www.kunstinvestor.at\/aktuell\/wp-content\/uploads\/6-1-700x18.jpg 700w, http:\/\/www.kunstinvestor.at\/aktuell\/wp-content\/uploads\/6-1-332x8.jpg 332w\" sizes=\"(max-width: 864px) 100vw, 864px\" \/><\/a><\/span><\/span><\/strong><\/em><\/p>\n<table>\n<tbody>\n<tr>\n<td width=\"614\">\n<h4><strong>Profitieren Sie\u00a0mit KUNSTINVESTOR, indem Sie die<br \/>\nKunst\u00a0und Geschichte sinnvoll verkn\u00fcpfen<\/strong><strong><a href=\"http:\/\/www.kunstinvestor.at\/\" target=\"_blank\" rel=\"noopener noreferrer\"><img loading=\"lazy\" decoding=\"async\" class=\"size-full wp-image-11606 aligncenter\" src=\"http:\/\/www.kunstinvestor.at\/aktuell\/wp-content\/uploads\/Kunstinvestor-3.jpg\" alt=\"kunstinvestor\" width=\"448\" height=\"70\" srcset=\"http:\/\/www.kunstinvestor.at\/aktuell\/wp-content\/uploads\/Kunstinvestor-3.jpg 448w, http:\/\/www.kunstinvestor.at\/aktuell\/wp-content\/uploads\/Kunstinvestor-3-300x47.jpg 300w, http:\/\/www.kunstinvestor.at\/aktuell\/wp-content\/uploads\/Kunstinvestor-3-332x52.jpg 332w\" sizes=\"(max-width: 448px) 100vw, 448px\" \/><\/a>Sie finden uns auch auf den u. a. &#8218;Social Media&#8216;- Websites<\/strong><\/h4>\n<\/td>\n<\/tr>\n<\/tbody>\n<\/table>\n<table>\n<tbody>\n<tr>\n<td width=\"205\"><a href=\"https:\/\/twitter.com\/kunstinvestor\" target=\"_blank\" rel=\"noopener noreferrer\"><img loading=\"lazy\" decoding=\"async\" class=\"size-full wp-image-11600 aligncenter\" src=\"http:\/\/www.kunstinvestor.at\/aktuell\/wp-content\/uploads\/twitter.png\" alt=\"twitter\" width=\"80\" height=\"80\" \/><\/a><\/td>\n<td width=\"205\"><a href=\"https:\/\/kunstinvestor.tumblr.com\/\" target=\"_blank\" rel=\"noopener noreferrer\"><img loading=\"lazy\" decoding=\"async\" class=\"size-full wp-image-11599 aligncenter\" src=\"http:\/\/www.kunstinvestor.at\/aktuell\/wp-content\/uploads\/tumblr.png\" alt=\"tumblr\" width=\"80\" height=\"80\" \/><\/a><\/td>\n<td width=\"205\"><a href=\"https:\/\/www.facebook.com\/kunstinvestor.online\/\" target=\"_blank\" rel=\"noopener noreferrer\"><img loading=\"lazy\" decoding=\"async\" class=\"size-full wp-image-14713 aligncenter\" src=\"http:\/\/www.kunstinvestor.at\/aktuell\/wp-content\/uploads\/facebook.jpg\" alt=\"\" width=\"81\" height=\"80\" \/><\/a><\/td>\n<\/tr>\n<\/tbody>\n<\/table>\n<p><em><strong><span style=\"color: #0000ff;\"><span style=\"color: #000000;\"><a href=\"http:\/\/www.kunstinvestor.at\/aktuell\/wp-content\/uploads\/6-1.jpg\"><img loading=\"lazy\" decoding=\"async\" class=\"size-full wp-image-12585 alignnone\" src=\"http:\/\/www.kunstinvestor.at\/aktuell\/wp-content\/uploads\/6-1.jpg\" alt=\"\" width=\"864\" height=\"22\" srcset=\"http:\/\/www.kunstinvestor.at\/aktuell\/wp-content\/uploads\/6-1.jpg 864w, http:\/\/www.kunstinvestor.at\/aktuell\/wp-content\/uploads\/6-1-300x8.jpg 300w, http:\/\/www.kunstinvestor.at\/aktuell\/wp-content\/uploads\/6-1-768x20.jpg 768w, http:\/\/www.kunstinvestor.at\/aktuell\/wp-content\/uploads\/6-1-700x18.jpg 700w, http:\/\/www.kunstinvestor.at\/aktuell\/wp-content\/uploads\/6-1-332x8.jpg 332w\" sizes=\"(max-width: 864px) 100vw, 864px\" \/><\/a><\/span><\/span><\/strong><\/em><\/p>\n<table style=\"font-family: 'Open Sans', sans-serif; font-size: 15px;\">\n<tbody>\n<tr>\n<td width=\"614\">\n<pre><em><strong>Vertrieb(Online):<\/strong>\u00a0 Durch eigene Datenbank und im Rahmen einer engen Kooperation und\r\n Zusammenarbeit mit den Messen und Namhaften Firmen \u00d6sterreichs wird der\r\n Onlinevertrieb(Zielgruppe; Counter-Mitarbeiter und die Entscheidungstr\u00e4ger \u00d6sterreichs)\r\n unterst\u00fctzt. Dar\u00fcber hinaus sind in Sozialen Medien wie <strong>TUMBLR<\/strong>, <strong>TWITTER<\/strong>,\r\n<strong>GOOGLE<\/strong> und  <strong>PINTEREST<\/strong> vertreten, erg\u00e4nzt mit Publikationen wie\u00a0<strong>ISSUU<\/strong> sowie <strong>YUMPU<\/strong>.\r\n <\/em><em>Mehr als 360.000 Unique Clients sorgen f\u00fcr 30 Millionen  <\/em><em>Page Impressions in der Online-Welt.<\/em><\/pre>\n<\/td>\n<\/tr>\n<\/tbody>\n<\/table>\n<h4 style=\"text-align: center;\"><span style=\"color: #000000;\"><strong>KUNST<span style=\"color: #ff0000;\">.<\/span>INVESTOR-LESER WELTWEIT<\/strong><\/span><\/h4>\n<h6 style=\"text-align: center;\"><a href=\"https:\/\/issuu.com\/about\" target=\"_blank\" rel=\"noopener noreferrer\"><img loading=\"lazy\" decoding=\"async\" class=\"size-full wp-image-9945 aligncenter\" src=\"http:\/\/www.kunstinvestor.at\/aktuell\/wp-content\/uploads\/ISSUU-2016.png\" alt=\"ISSUU 2016\" width=\"510\" height=\"484\" srcset=\"http:\/\/www.kunstinvestor.at\/aktuell\/wp-content\/uploads\/ISSUU-2016.png 510w, http:\/\/www.kunstinvestor.at\/aktuell\/wp-content\/uploads\/ISSUU-2016-300x285.png 300w, http:\/\/www.kunstinvestor.at\/aktuell\/wp-content\/uploads\/ISSUU-2016-332x315.png 332w\" sizes=\"(max-width: 510px) 100vw, 510px\" \/><\/a><a href=\"https:\/\/issuu.com\/about\" target=\"_blank\" rel=\"noopener noreferrer\"><img loading=\"lazy\" decoding=\"async\" class=\" wp-image-10126 aligncenter\" src=\"http:\/\/www.kunstinvestor.at\/aktuell\/wp-content\/uploads\/leseger\u00e4te.png\" alt=\"leseger\u00e4te\" width=\"510\" height=\"283\" \/><\/a><\/h6>\n<p><em><strong><span style=\"color: #0000ff;\"><span style=\"color: #000000;\"><a href=\"http:\/\/www.kunstinvestor.at\/aktuell\/wp-content\/uploads\/6-1.jpg\"><img loading=\"lazy\" decoding=\"async\" class=\"size-full wp-image-12585 alignnone\" src=\"http:\/\/www.kunstinvestor.at\/aktuell\/wp-content\/uploads\/6-1.jpg\" alt=\"\" width=\"864\" height=\"22\" srcset=\"http:\/\/www.kunstinvestor.at\/aktuell\/wp-content\/uploads\/6-1.jpg 864w, http:\/\/www.kunstinvestor.at\/aktuell\/wp-content\/uploads\/6-1-300x8.jpg 300w, http:\/\/www.kunstinvestor.at\/aktuell\/wp-content\/uploads\/6-1-768x20.jpg 768w, http:\/\/www.kunstinvestor.at\/aktuell\/wp-content\/uploads\/6-1-700x18.jpg 700w, http:\/\/www.kunstinvestor.at\/aktuell\/wp-content\/uploads\/6-1-332x8.jpg 332w\" sizes=\"(max-width: 864px) 100vw, 864px\" \/><\/a><\/span><\/span><\/strong><\/em><\/p>\n<table style=\"border-collapse: collapse; width: 100%;\" border=\"1\">\n<tbody>\n<tr>\n<td style=\"width: 100%; text-align: center;\"><span style=\"font-size: 12pt;\"><strong><span style=\"font-family: arial, helvetica, sans-serif;\"><span style=\"text-decoration: underline; font-family: 'courier new', courier, monospace; font-size: 18pt;\">Newsletter<\/span><br \/>\n<span style=\"color: #000000;\"><a style=\"color: #000000;\" href=\"http:\/\/www.kunstinvestor.at\/anmeldung-magazin\/\" target=\"_blank\" rel=\"noopener noreferrer\"><span style=\"text-decoration: underline;\">KUNST<span style=\"color: #ff0000; font-family: 'arial black', sans-serif; font-size: 14pt; text-decoration: underline;\">.<\/span>INVESTOR <span style=\"font-family: tahoma, arial, helvetica, sans-serif; font-size: 10pt;\">MAGAZIN(e-Paper)<\/span><\/span><\/a><\/span><br \/>\n<em><span style=\"color: #000000;\"><a style=\"color: #000000;\" href=\"http:\/\/www.kunstinvestor.at\/anmeldung-magazin\/\" target=\"_blank\" rel=\"noopener noreferrer\">Jetzt kostenlos anmelden und zum Thema<br \/>\nKunstmarkt<\/a>\u00a0<\/span><a href=\"http:\/\/www.kunstinvestor.at\/anmeldung-magazin\/\" target=\"_blank\" rel=\"noopener noreferrer\"><span style=\"color: #000000;\">stets auf dem Laufenden bleiben(<\/span><span style=\"color: #0000ff;\">HIER<\/span><span style=\"color: #000000;\">).<\/span><\/a><\/em><\/span><\/strong><\/span><\/td>\n<\/tr>\n<\/tbody>\n<\/table>\n<p style=\"text-align: justify;\"><strong><img loading=\"lazy\" decoding=\"async\" class=\"size-full wp-image-12585 aligncenter\" src=\"http:\/\/www.kunstinvestor.at\/aktuell\/wp-content\/uploads\/6-1.jpg\" alt=\"\" width=\"864\" height=\"22\" srcset=\"http:\/\/www.kunstinvestor.at\/aktuell\/wp-content\/uploads\/6-1.jpg 864w, http:\/\/www.kunstinvestor.at\/aktuell\/wp-content\/uploads\/6-1-300x8.jpg 300w, http:\/\/www.kunstinvestor.at\/aktuell\/wp-content\/uploads\/6-1-768x20.jpg 768w, http:\/\/www.kunstinvestor.at\/aktuell\/wp-content\/uploads\/6-1-700x18.jpg 700w, http:\/\/www.kunstinvestor.at\/aktuell\/wp-content\/uploads\/6-1-332x8.jpg 332w\" sizes=\"(max-width: 864px) 100vw, 864px\" \/><\/strong><\/p>\n<p><em><strong><span style=\"color: #0000ff;\"><span style=\"color: #000000;\">\u00a0<\/span><\/span><\/strong><\/em><\/p>\n","protected":false},"excerpt":{"rendered":"<p>Pers\u00f6nliche St\u00fccke aus dem Besitz von Maximilian von Mexiko und Napoleon I. bei Kaiserhaus-Auktion am 18. Juni 2019 im Dorotheum Einmal j\u00e4hrlich klingelt die Auktionsglocke im Dorotheum f\u00fcr Kaiserhaus-Objekte. Am 18. Juni 2019 werden St\u00fccke aus dem pers\u00f6nlichen Besitz von Napoleon I., Maximilian von Mexiko, Charlotte von Mexiko, Elisabeth von &#8230;<\/p>\n","protected":false},"author":2,"featured_media":15965,"comment_status":"closed","ping_status":"closed","sticky":false,"template":"","format":"standard","meta":{"footnotes":""},"categories":[1],"tags":[],"aioseo_notices":[],"_links":{"self":[{"href":"http:\/\/www.kunstinvestor.at\/aktuell\/wp-json\/wp\/v2\/posts\/15962"}],"collection":[{"href":"http:\/\/www.kunstinvestor.at\/aktuell\/wp-json\/wp\/v2\/posts"}],"about":[{"href":"http:\/\/www.kunstinvestor.at\/aktuell\/wp-json\/wp\/v2\/types\/post"}],"author":[{"embeddable":true,"href":"http:\/\/www.kunstinvestor.at\/aktuell\/wp-json\/wp\/v2\/users\/2"}],"replies":[{"embeddable":true,"href":"http:\/\/www.kunstinvestor.at\/aktuell\/wp-json\/wp\/v2\/comments?post=15962"}],"version-history":[{"count":4,"href":"http:\/\/www.kunstinvestor.at\/aktuell\/wp-json\/wp\/v2\/posts\/15962\/revisions"}],"predecessor-version":[{"id":15970,"href":"http:\/\/www.kunstinvestor.at\/aktuell\/wp-json\/wp\/v2\/posts\/15962\/revisions\/15970"}],"wp:featuredmedia":[{"embeddable":true,"href":"http:\/\/www.kunstinvestor.at\/aktuell\/wp-json\/wp\/v2\/media\/15965"}],"wp:attachment":[{"href":"http:\/\/www.kunstinvestor.at\/aktuell\/wp-json\/wp\/v2\/media?parent=15962"}],"wp:term":[{"taxonomy":"category","embeddable":true,"href":"http:\/\/www.kunstinvestor.at\/aktuell\/wp-json\/wp\/v2\/categories?post=15962"},{"taxonomy":"post_tag","embeddable":true,"href":"http:\/\/www.kunstinvestor.at\/aktuell\/wp-json\/wp\/v2\/tags?post=15962"}],"curies":[{"name":"wp","href":"https:\/\/api.w.org\/{rel}","templated":true}]}}