{"id":16076,"date":"2019-06-25T15:30:41","date_gmt":"2019-06-25T15:30:41","guid":{"rendered":"http:\/\/www.kunstinvestor.at\/aktuell\/?p=16076"},"modified":"2019-07-01T15:33:30","modified_gmt":"2019-07-01T15:33:30","slug":"nikita-kadan-project-of-ruins","status":"publish","type":"post","link":"http:\/\/www.kunstinvestor.at\/aktuell\/nikita-kadan-project-of-ruins\/","title":{"rendered":"Nikita Kadan &#8211; Project of Ruins"},"content":{"rendered":"<p style=\"text-align: justify;\"><span style=\"font-family: arial, helvetica, sans-serif; font-size: 12pt;\"><a href=\"http:\/\/www.kunstinvestor.at\/aktuell\/wp-content\/uploads\/04_iwankawaleridse_denkmalfuerartjom_1927.jpg\"><img loading=\"lazy\" decoding=\"async\" class=\"alignleft wp-image-16079 size-full\" title=\"Iwan kawaleridse, Denkmal f\u00fcr Artjom\" src=\"http:\/\/www.kunstinvestor.at\/aktuell\/wp-content\/uploads\/04_iwankawaleridse_denkmalfuerartjom_1927.jpg\" alt=\"\" width=\"304\" height=\"448\" srcset=\"http:\/\/www.kunstinvestor.at\/aktuell\/wp-content\/uploads\/04_iwankawaleridse_denkmalfuerartjom_1927.jpg 304w, http:\/\/www.kunstinvestor.at\/aktuell\/wp-content\/uploads\/04_iwankawaleridse_denkmalfuerartjom_1927-204x300.jpg 204w\" sizes=\"(max-width: 304px) 100vw, 304px\" \/><\/a>Im Zentrum der Arbeiten Nikita Kadans steht die k\u00fcnstlerische Auseinandersetzung mit den gesellschaftspolitischen Entwicklungen im Postkommunismus sowie deren Grundlagen und Ursachen im Sowjetkommunismus. Zeichnung, Malerei und Fotografie bestimmen dabei ebenso sein \u0152uvre wie Objekte, Skulpturen und Installationen. Der K\u00fcnstler erweist sich als sensibler und zugleich kritischer Beobachter und Interpret f\u00fcr die Br\u00fcche, aber auch f\u00fcr die Zusammenh\u00e4nge und Kontinuit\u00e4ten zwischen kommunistischer Vergangenheit und turbokapitalistischer Gegenwart. Er ist Mitglied der K\u00fcnstlergruppe R.E.P. (Revolutionary Experimental Space) sowie Mitbegr\u00fcnder des K\u00fcnstlerkomitees und der Aktivistengruppe Hudrada. Als kunstpolitischer Aktivist arbeitet er auch mit Architekten, Soziologen und Menschenrechtsaktivisten zusammen. In seiner Ausstellung thematisiert der K\u00fcnstler die Sichtbarkeit und Funktion der k\u00fcnstlerischen Avantgarde der Ukraine innerhalb des gegenw\u00e4rtigen Neoliberalismus, der \u2013 im Konflikt mit Russland \u2013 von kriegspolitischen Zielsetzungen und einer Ideologie der Entsolidarisierung des Gesellschaftsgef\u00fcges gepr\u00e4gt ist &#8211; Kuratiert von Rainer Fuchs [MUMOK, Dauer bis 6. Oktober 2019 \u2013 Foto:\u00a9 MUMOK]<br \/>\n<img loading=\"lazy\" decoding=\"async\" class=\"aligncenter wp-image-16078\" title=\"Iwan kawaleridse, Denkmal f\u00fcr Tarasshevchenko \" src=\"http:\/\/www.kunstinvestor.at\/aktuell\/wp-content\/uploads\/08_iwankawaleridse_denkmalfuertarasshevchenko_2019.jpg\" alt=\"\" width=\"652\" height=\"367\" srcset=\"http:\/\/www.kunstinvestor.at\/aktuell\/wp-content\/uploads\/08_iwankawaleridse_denkmalfuertarasshevchenko_2019.jpg 448w, http:\/\/www.kunstinvestor.at\/aktuell\/wp-content\/uploads\/08_iwankawaleridse_denkmalfuertarasshevchenko_2019-300x169.jpg 300w, http:\/\/www.kunstinvestor.at\/aktuell\/wp-content\/uploads\/08_iwankawaleridse_denkmalfuertarasshevchenko_2019-332x187.jpg 332w\" sizes=\"(max-width: 652px) 100vw, 652px\" \/><br \/>\n<\/span><\/p>\n<p style=\"text-align: justify;\"><strong><span style=\"color: #0000ff;\"><span style=\"color: #000000;\"><span style=\"font-family: arial, helvetica, sans-serif;\"><em><img loading=\"lazy\" decoding=\"async\" class=\"size-full wp-image-12585 aligncenter\" src=\"http:\/\/www.kunstinvestor.at\/aktuell\/wp-content\/uploads\/6-1.jpg\" alt=\"\" width=\"864\" height=\"22\" srcset=\"http:\/\/www.kunstinvestor.at\/aktuell\/wp-content\/uploads\/6-1.jpg 864w, http:\/\/www.kunstinvestor.at\/aktuell\/wp-content\/uploads\/6-1-300x8.jpg 300w, http:\/\/www.kunstinvestor.at\/aktuell\/wp-content\/uploads\/6-1-768x20.jpg 768w, http:\/\/www.kunstinvestor.at\/aktuell\/wp-content\/uploads\/6-1-700x18.jpg 700w, http:\/\/www.kunstinvestor.at\/aktuell\/wp-content\/uploads\/6-1-332x8.jpg 332w\" sizes=\"(max-width: 864px) 100vw, 864px\" \/><\/em>[contact-form-7 id=&#8220;14529&#8243; title=&#8220;2018-Abo-Anmeldung(Neu)&#8220;]<\/span><\/span><\/span><\/strong><em><strong><span style=\"color: #0000ff;\"><span style=\"color: #000000;\"><br \/>\n<img loading=\"lazy\" decoding=\"async\" class=\"size-full wp-image-12585 aligncenter\" src=\"http:\/\/www.kunstinvestor.at\/aktuell\/wp-content\/uploads\/6-1.jpg\" alt=\"\" width=\"864\" height=\"22\" srcset=\"http:\/\/www.kunstinvestor.at\/aktuell\/wp-content\/uploads\/6-1.jpg 864w, http:\/\/www.kunstinvestor.at\/aktuell\/wp-content\/uploads\/6-1-300x8.jpg 300w, http:\/\/www.kunstinvestor.at\/aktuell\/wp-content\/uploads\/6-1-768x20.jpg 768w, http:\/\/www.kunstinvestor.at\/aktuell\/wp-content\/uploads\/6-1-700x18.jpg 700w, http:\/\/www.kunstinvestor.at\/aktuell\/wp-content\/uploads\/6-1-332x8.jpg 332w\" sizes=\"(max-width: 864px) 100vw, 864px\" \/><\/span><\/span><\/strong><\/em><\/p>\n<p style=\"text-align: center;\"><strong><span style=\"font-family: tahoma, arial, helvetica, sans-serif;\">Sie finden &#8218;<span style=\"font-family: helvetica, arial, sans-serif; font-size: 14pt;\">KUNST<span style=\"font-family: 'arial black', sans-serif; color: #ff0000;\">.<\/span>INVESTOR&#8216;<\/span> auch auf den u. a. &#8218;Social Media&#8216;- Websites<\/span><\/strong><\/p>\n<p>&nbsp;<\/p>\n<table>\n<tbody>\n<tr>\n<td width=\"205\"><a href=\"https:\/\/twitter.com\/kunstinvestor\" target=\"_blank\" rel=\"noopener noreferrer\"><img loading=\"lazy\" decoding=\"async\" class=\"size-full wp-image-11600 aligncenter\" src=\"http:\/\/www.kunstinvestor.at\/aktuell\/wp-content\/uploads\/twitter.png\" alt=\"twitter\" width=\"80\" height=\"80\" \/><\/a><\/td>\n<td width=\"205\"><a href=\"https:\/\/kunstinvestor.tumblr.com\/\" target=\"_blank\" rel=\"noopener noreferrer\"><img loading=\"lazy\" decoding=\"async\" class=\"size-full wp-image-11599 aligncenter\" src=\"http:\/\/www.kunstinvestor.at\/aktuell\/wp-content\/uploads\/tumblr.png\" alt=\"tumblr\" width=\"80\" height=\"80\" \/><\/a><\/td>\n<td width=\"205\"><a href=\"https:\/\/www.facebook.com\/kunstinvestor.online\/\" target=\"_blank\" rel=\"noopener noreferrer\"><img loading=\"lazy\" decoding=\"async\" class=\"size-full wp-image-14713 aligncenter\" src=\"http:\/\/www.kunstinvestor.at\/aktuell\/wp-content\/uploads\/facebook.jpg\" alt=\"\" width=\"81\" height=\"80\" \/><\/a><\/td>\n<\/tr>\n<\/tbody>\n<\/table>\n<table style=\"font-family: 'Open Sans', sans-serif; font-size: 15px;\">\n<tbody>\n<tr>\n<td width=\"707\">\n<p style=\"text-align: justify;\"><em><strong><span style=\"color: #0000ff;\"><span style=\"color: #000000;\"><img loading=\"lazy\" decoding=\"async\" class=\"size-full wp-image-12585 aligncenter\" src=\"http:\/\/www.kunstinvestor.at\/aktuell\/wp-content\/uploads\/6-1.jpg\" alt=\"\" width=\"864\" height=\"22\" srcset=\"http:\/\/www.kunstinvestor.at\/aktuell\/wp-content\/uploads\/6-1.jpg 864w, http:\/\/www.kunstinvestor.at\/aktuell\/wp-content\/uploads\/6-1-300x8.jpg 300w, http:\/\/www.kunstinvestor.at\/aktuell\/wp-content\/uploads\/6-1-768x20.jpg 768w, http:\/\/www.kunstinvestor.at\/aktuell\/wp-content\/uploads\/6-1-700x18.jpg 700w, http:\/\/www.kunstinvestor.at\/aktuell\/wp-content\/uploads\/6-1-332x8.jpg 332w\" sizes=\"(max-width: 864px) 100vw, 864px\" \/><a href=\"http:\/\/www.kunstinvestor.at\/aktuell\/wp-content\/uploads\/6-1.jpg\"><img loading=\"lazy\" decoding=\"async\" class=\"size-full wp-image-12585 aligncenter\" src=\"http:\/\/www.kunstinvestor.at\/aktuell\/wp-content\/uploads\/6-1.jpg\" alt=\"\" width=\"864\" height=\"22\" srcset=\"http:\/\/www.kunstinvestor.at\/aktuell\/wp-content\/uploads\/6-1.jpg 864w, http:\/\/www.kunstinvestor.at\/aktuell\/wp-content\/uploads\/6-1-300x8.jpg 300w, http:\/\/www.kunstinvestor.at\/aktuell\/wp-content\/uploads\/6-1-768x20.jpg 768w, http:\/\/www.kunstinvestor.at\/aktuell\/wp-content\/uploads\/6-1-700x18.jpg 700w, http:\/\/www.kunstinvestor.at\/aktuell\/wp-content\/uploads\/6-1-332x8.jpg 332w\" sizes=\"(max-width: 864px) 100vw, 864px\" \/><\/a><\/span><\/span><\/strong><\/em><strong><span style=\"color: #000000; font-family: arial, helvetica, sans-serif;\">KUNST<span style=\"color: #ff0000;\">.<\/span>INVESTOR \u2013 Lesen Sie die aktuelle Ausgabe(e-Paper) wie ein gedrucktes<br \/>\nPrintprodukt am Bildschirm <span style=\"color: #0000ff;\">(ein Moment bitte, Download l\u00e4uft\u2026\u2026\u2026\u2026\u2026.\u2026..\u2026\u2026)<\/span><\/span><\/strong><\/p>\n<p>&nbsp;<\/p>\n<div class=\"issuuembed\" style=\"width: 100%; height: 283px;\" data-configid=\"36645651\/70252399\"><\/div>\n<p><script type=\"text\/javascript\" src=\"\/\/e.issuu.com\/embed.js\" async=\"true\"><\/script><\/p>\n<p>&nbsp;<\/p>\n<p><em><strong><span style=\"color: #0000ff;\"><span style=\"color: #000000;\"><a href=\"http:\/\/www.kunstinvestor.at\/aktuell\/wp-content\/uploads\/6-1.jpg\"><img loading=\"lazy\" decoding=\"async\" class=\"size-full wp-image-12585 alignnone\" src=\"http:\/\/www.kunstinvestor.at\/aktuell\/wp-content\/uploads\/6-1.jpg\" alt=\"\" width=\"864\" height=\"22\" srcset=\"http:\/\/www.kunstinvestor.at\/aktuell\/wp-content\/uploads\/6-1.jpg 864w, http:\/\/www.kunstinvestor.at\/aktuell\/wp-content\/uploads\/6-1-300x8.jpg 300w, http:\/\/www.kunstinvestor.at\/aktuell\/wp-content\/uploads\/6-1-768x20.jpg 768w, http:\/\/www.kunstinvestor.at\/aktuell\/wp-content\/uploads\/6-1-700x18.jpg 700w, http:\/\/www.kunstinvestor.at\/aktuell\/wp-content\/uploads\/6-1-332x8.jpg 332w\" sizes=\"(max-width: 864px) 100vw, 864px\" \/><\/a><\/span><\/span><\/strong><\/em><\/p>\n<h2><a href=\"https:\/\/mrmmedia.files.wordpress.com\/2019\/05\/kunstinvestor-juni-2019-gesamt-no.2.pdf\" target=\"_blank\" rel=\"noopener noreferrer\"><span style=\"color: #000000;\"><strong>PDF-MAGAZIN(<\/strong><\/span><strong><span style=\"color: #0000ff;\">DOWNLOAD<\/span><span style=\"color: #000000;\">)<\/span><\/strong><\/a><\/h2>\n<p><em><strong><span style=\"color: #0000ff;\"><span style=\"color: #000000;\"><a href=\"http:\/\/www.kunstinvestor.at\/aktuell\/wp-content\/uploads\/6-1.jpg\"><img loading=\"lazy\" decoding=\"async\" class=\"size-full wp-image-12585 alignnone\" src=\"http:\/\/www.kunstinvestor.at\/aktuell\/wp-content\/uploads\/6-1.jpg\" alt=\"\" width=\"864\" height=\"22\" srcset=\"http:\/\/www.kunstinvestor.at\/aktuell\/wp-content\/uploads\/6-1.jpg 864w, http:\/\/www.kunstinvestor.at\/aktuell\/wp-content\/uploads\/6-1-300x8.jpg 300w, http:\/\/www.kunstinvestor.at\/aktuell\/wp-content\/uploads\/6-1-768x20.jpg 768w, http:\/\/www.kunstinvestor.at\/aktuell\/wp-content\/uploads\/6-1-700x18.jpg 700w, http:\/\/www.kunstinvestor.at\/aktuell\/wp-content\/uploads\/6-1-332x8.jpg 332w\" sizes=\"(max-width: 864px) 100vw, 864px\" \/><\/a><\/span><\/span><\/strong><\/em><\/td>\n<\/tr>\n<\/tbody>\n<\/table>\n<table style=\"font-family: 'Open Sans', sans-serif; font-size: 15px;\">\n<tbody>\n<tr>\n<td width=\"707\">\n<h2><a href=\"http:\/\/www.kunstinvestor.at\/media\/\" target=\"_blank\" rel=\"noopener noreferrer\"><strong><span style=\"color: #000000;\">KUNST<span style=\"font-family: 'arial black', sans-serif; font-size: 24pt; color: #ff0000;\">.<\/span>INVESTOR-MEDIADATEN<br \/>\n(<span style=\"color: #0000ff;\">KLICKE HIER<\/span>)<\/span><\/strong><\/a><\/h2>\n<\/td>\n<\/tr>\n<\/tbody>\n<\/table>\n<p><strong><em><span style=\"color: #0000ff;\"><span style=\"color: #000000;\"><a href=\"http:\/\/www.kunstinvestor.at\/aktuell\/wp-content\/uploads\/6-1.jpg\"><img loading=\"lazy\" decoding=\"async\" class=\"size-full wp-image-12585 alignnone\" src=\"http:\/\/www.kunstinvestor.at\/aktuell\/wp-content\/uploads\/6-1.jpg\" alt=\"\" width=\"864\" height=\"22\" srcset=\"http:\/\/www.kunstinvestor.at\/aktuell\/wp-content\/uploads\/6-1.jpg 864w, http:\/\/www.kunstinvestor.at\/aktuell\/wp-content\/uploads\/6-1-300x8.jpg 300w, http:\/\/www.kunstinvestor.at\/aktuell\/wp-content\/uploads\/6-1-768x20.jpg 768w, http:\/\/www.kunstinvestor.at\/aktuell\/wp-content\/uploads\/6-1-700x18.jpg 700w, http:\/\/www.kunstinvestor.at\/aktuell\/wp-content\/uploads\/6-1-332x8.jpg 332w\" sizes=\"(max-width: 864px) 100vw, 864px\" \/><\/a><\/span><\/span><\/em><\/strong><\/p>\n<table>\n<tbody>\n<tr>\n<td width=\"614\"><iframe loading=\"lazy\" src=\"https:\/\/www.youtube.com\/embed\/yZLD7uKK9po?rel=0&amp;controls=0&amp;showinfo=0\" width=\"560\" height=\"315\" frameborder=\"0\" allowfullscreen=\"allowfullscreen\"><\/iframe><\/td>\n<\/tr>\n<\/tbody>\n<\/table>\n<p><em><strong><span style=\"color: #0000ff;\"><span style=\"color: #000000;\"><a href=\"http:\/\/www.kunstinvestor.at\/aktuell\/wp-content\/uploads\/6-1.jpg\"><img loading=\"lazy\" decoding=\"async\" class=\"size-full wp-image-12585 alignnone\" src=\"http:\/\/www.kunstinvestor.at\/aktuell\/wp-content\/uploads\/6-1.jpg\" alt=\"\" width=\"864\" height=\"22\" srcset=\"http:\/\/www.kunstinvestor.at\/aktuell\/wp-content\/uploads\/6-1.jpg 864w, http:\/\/www.kunstinvestor.at\/aktuell\/wp-content\/uploads\/6-1-300x8.jpg 300w, http:\/\/www.kunstinvestor.at\/aktuell\/wp-content\/uploads\/6-1-768x20.jpg 768w, http:\/\/www.kunstinvestor.at\/aktuell\/wp-content\/uploads\/6-1-700x18.jpg 700w, http:\/\/www.kunstinvestor.at\/aktuell\/wp-content\/uploads\/6-1-332x8.jpg 332w\" sizes=\"(max-width: 864px) 100vw, 864px\" \/><\/a><\/span><\/span><\/strong><\/em><\/p>\n<table>\n<tbody>\n<tr>\n<td width=\"614\">\n<h4><strong>Profitieren Sie\u00a0mit KUNSTINVESTOR, indem Sie die<br \/>\nKunst\u00a0und Geschichte sinnvoll verkn\u00fcpfen<\/strong><strong><a href=\"http:\/\/www.kunstinvestor.at\/\" target=\"_blank\" rel=\"noopener noreferrer\"><img loading=\"lazy\" decoding=\"async\" class=\"size-full wp-image-11606 aligncenter\" src=\"http:\/\/www.kunstinvestor.at\/aktuell\/wp-content\/uploads\/Kunstinvestor-3.jpg\" alt=\"kunstinvestor\" width=\"448\" height=\"70\" srcset=\"http:\/\/www.kunstinvestor.at\/aktuell\/wp-content\/uploads\/Kunstinvestor-3.jpg 448w, http:\/\/www.kunstinvestor.at\/aktuell\/wp-content\/uploads\/Kunstinvestor-3-300x47.jpg 300w, http:\/\/www.kunstinvestor.at\/aktuell\/wp-content\/uploads\/Kunstinvestor-3-332x52.jpg 332w\" sizes=\"(max-width: 448px) 100vw, 448px\" \/><\/a>Sie finden uns auch auf den u. a. &#8218;Social Media&#8216;- Websites<\/strong><\/h4>\n<\/td>\n<\/tr>\n<\/tbody>\n<\/table>\n<table>\n<tbody>\n<tr>\n<td width=\"205\"><a href=\"https:\/\/twitter.com\/kunstinvestor\" target=\"_blank\" rel=\"noopener noreferrer\"><img loading=\"lazy\" decoding=\"async\" class=\"size-full wp-image-11600 aligncenter\" src=\"http:\/\/www.kunstinvestor.at\/aktuell\/wp-content\/uploads\/twitter.png\" alt=\"twitter\" width=\"80\" height=\"80\" \/><\/a><\/td>\n<td width=\"205\"><a href=\"https:\/\/kunstinvestor.tumblr.com\/\" target=\"_blank\" rel=\"noopener noreferrer\"><img loading=\"lazy\" decoding=\"async\" class=\"size-full wp-image-11599 aligncenter\" src=\"http:\/\/www.kunstinvestor.at\/aktuell\/wp-content\/uploads\/tumblr.png\" alt=\"tumblr\" width=\"80\" height=\"80\" \/><\/a><\/td>\n<td width=\"205\"><a href=\"https:\/\/www.facebook.com\/kunstinvestor.online\/\" target=\"_blank\" rel=\"noopener noreferrer\"><img loading=\"lazy\" decoding=\"async\" class=\"size-full wp-image-14713 aligncenter\" src=\"http:\/\/www.kunstinvestor.at\/aktuell\/wp-content\/uploads\/facebook.jpg\" alt=\"\" width=\"81\" height=\"80\" \/><\/a><\/td>\n<\/tr>\n<\/tbody>\n<\/table>\n<p><em><strong><span style=\"color: #0000ff;\"><span style=\"color: #000000;\"><a href=\"http:\/\/www.kunstinvestor.at\/aktuell\/wp-content\/uploads\/6-1.jpg\"><img loading=\"lazy\" decoding=\"async\" class=\"size-full wp-image-12585 alignnone\" src=\"http:\/\/www.kunstinvestor.at\/aktuell\/wp-content\/uploads\/6-1.jpg\" alt=\"\" width=\"864\" height=\"22\" srcset=\"http:\/\/www.kunstinvestor.at\/aktuell\/wp-content\/uploads\/6-1.jpg 864w, http:\/\/www.kunstinvestor.at\/aktuell\/wp-content\/uploads\/6-1-300x8.jpg 300w, http:\/\/www.kunstinvestor.at\/aktuell\/wp-content\/uploads\/6-1-768x20.jpg 768w, http:\/\/www.kunstinvestor.at\/aktuell\/wp-content\/uploads\/6-1-700x18.jpg 700w, http:\/\/www.kunstinvestor.at\/aktuell\/wp-content\/uploads\/6-1-332x8.jpg 332w\" sizes=\"(max-width: 864px) 100vw, 864px\" \/><\/a><\/span><\/span><\/strong><\/em><\/p>\n<table style=\"font-family: 'Open Sans', sans-serif; font-size: 15px;\">\n<tbody>\n<tr>\n<td width=\"614\">\n<pre><em><strong>Vertrieb(Online):<\/strong>\u00a0 Durch eigene Datenbank und im Rahmen einer engen Kooperation und\r\n Zusammenarbeit mit den Messen und Namhaften Firmen \u00d6sterreichs wird der\r\n Onlinevertrieb(Zielgruppe; Counter-Mitarbeiter und die Entscheidungstr\u00e4ger \u00d6sterreichs)\r\n unterst\u00fctzt. Dar\u00fcber hinaus sind in Sozialen Medien wie <strong>TUMBLR<\/strong>, <strong>TWITTER<\/strong>,\r\n<strong>GOOGLE<\/strong> und  <strong>PINTEREST<\/strong> vertreten, erg\u00e4nzt mit Publikationen wie\u00a0<strong>ISSUU<\/strong> sowie <strong>YUMPU<\/strong>.\r\n <\/em><em>Mehr als 360.000 Unique Clients sorgen f\u00fcr 30 Millionen  <\/em><em>Page Impressions in der Online-Welt.<\/em><\/pre>\n<\/td>\n<\/tr>\n<\/tbody>\n<\/table>\n<h4 style=\"text-align: center;\"><span style=\"color: #000000;\"><strong>KUNST<span style=\"color: #ff0000;\">.<\/span>INVESTOR-LESER WELTWEIT<\/strong><\/span><\/h4>\n<h6 style=\"text-align: center;\"><a href=\"https:\/\/issuu.com\/about\" target=\"_blank\" rel=\"noopener noreferrer\"><img loading=\"lazy\" decoding=\"async\" class=\"size-full wp-image-9945 aligncenter\" src=\"http:\/\/www.kunstinvestor.at\/aktuell\/wp-content\/uploads\/ISSUU-2016.png\" alt=\"ISSUU 2016\" width=\"510\" height=\"484\" srcset=\"http:\/\/www.kunstinvestor.at\/aktuell\/wp-content\/uploads\/ISSUU-2016.png 510w, http:\/\/www.kunstinvestor.at\/aktuell\/wp-content\/uploads\/ISSUU-2016-300x285.png 300w, http:\/\/www.kunstinvestor.at\/aktuell\/wp-content\/uploads\/ISSUU-2016-332x315.png 332w\" sizes=\"(max-width: 510px) 100vw, 510px\" \/><\/a><a href=\"https:\/\/issuu.com\/about\" target=\"_blank\" rel=\"noopener noreferrer\"><img loading=\"lazy\" decoding=\"async\" class=\" wp-image-10126 aligncenter\" src=\"http:\/\/www.kunstinvestor.at\/aktuell\/wp-content\/uploads\/leseger\u00e4te.png\" alt=\"leseger\u00e4te\" width=\"510\" height=\"283\" \/><\/a><\/h6>\n<p><em><strong><span style=\"color: #0000ff;\"><span style=\"color: #000000;\"><a href=\"http:\/\/www.kunstinvestor.at\/aktuell\/wp-content\/uploads\/6-1.jpg\"><img loading=\"lazy\" decoding=\"async\" class=\"size-full wp-image-12585 alignnone\" src=\"http:\/\/www.kunstinvestor.at\/aktuell\/wp-content\/uploads\/6-1.jpg\" alt=\"\" width=\"864\" height=\"22\" srcset=\"http:\/\/www.kunstinvestor.at\/aktuell\/wp-content\/uploads\/6-1.jpg 864w, http:\/\/www.kunstinvestor.at\/aktuell\/wp-content\/uploads\/6-1-300x8.jpg 300w, http:\/\/www.kunstinvestor.at\/aktuell\/wp-content\/uploads\/6-1-768x20.jpg 768w, http:\/\/www.kunstinvestor.at\/aktuell\/wp-content\/uploads\/6-1-700x18.jpg 700w, http:\/\/www.kunstinvestor.at\/aktuell\/wp-content\/uploads\/6-1-332x8.jpg 332w\" sizes=\"(max-width: 864px) 100vw, 864px\" \/><\/a><\/span><\/span><\/strong><\/em><\/p>\n<table style=\"border-collapse: collapse; width: 100%;\" border=\"1\">\n<tbody>\n<tr>\n<td style=\"width: 100%; text-align: center;\"><span style=\"font-size: 12pt;\"><strong><span style=\"font-family: arial, helvetica, sans-serif;\"><span style=\"text-decoration: underline; font-family: 'courier new', courier, monospace; font-size: 18pt;\">Newsletter<\/span><br \/>\n<span style=\"color: #000000;\"><a style=\"color: #000000;\" href=\"http:\/\/www.kunstinvestor.at\/anmeldung-magazin\/\" target=\"_blank\" rel=\"noopener noreferrer\"><span style=\"text-decoration: underline;\">KUNST<span style=\"color: #ff0000; font-family: 'arial black', sans-serif; font-size: 14pt; text-decoration: underline;\">.<\/span>INVESTOR <span style=\"font-family: tahoma, arial, helvetica, sans-serif; font-size: 10pt;\">MAGAZIN(e-Paper)<\/span><\/span><\/a><\/span><br \/>\n<em><span style=\"color: #000000;\"><a style=\"color: #000000;\" href=\"http:\/\/www.kunstinvestor.at\/anmeldung-magazin\/\" target=\"_blank\" rel=\"noopener noreferrer\">Jetzt kostenlos anmelden und zum Thema<br \/>\nKunstmarkt<\/a>\u00a0<\/span><a href=\"http:\/\/www.kunstinvestor.at\/anmeldung-magazin\/\" target=\"_blank\" rel=\"noopener noreferrer\"><span style=\"color: #000000;\">stets auf dem Laufenden bleiben(<\/span><span style=\"color: #0000ff;\">HIER<\/span><span style=\"color: #000000;\">).<\/span><\/a><\/em><\/span><\/strong><\/span><\/td>\n<\/tr>\n<\/tbody>\n<\/table>\n<p style=\"text-align: justify;\"><strong><img loading=\"lazy\" decoding=\"async\" class=\"size-full wp-image-12585 aligncenter\" src=\"http:\/\/www.kunstinvestor.at\/aktuell\/wp-content\/uploads\/6-1.jpg\" alt=\"\" width=\"864\" height=\"22\" srcset=\"http:\/\/www.kunstinvestor.at\/aktuell\/wp-content\/uploads\/6-1.jpg 864w, http:\/\/www.kunstinvestor.at\/aktuell\/wp-content\/uploads\/6-1-300x8.jpg 300w, http:\/\/www.kunstinvestor.at\/aktuell\/wp-content\/uploads\/6-1-768x20.jpg 768w, http:\/\/www.kunstinvestor.at\/aktuell\/wp-content\/uploads\/6-1-700x18.jpg 700w, http:\/\/www.kunstinvestor.at\/aktuell\/wp-content\/uploads\/6-1-332x8.jpg 332w\" sizes=\"(max-width: 864px) 100vw, 864px\" \/><\/strong><\/p>\n<p><em><strong><span style=\"color: #0000ff;\"><span style=\"color: #000000;\">\u00a0<\/span><\/span><\/strong><\/em><\/p>\n","protected":false},"excerpt":{"rendered":"<p>Im Zentrum der Arbeiten Nikita Kadans steht die k\u00fcnstlerische Auseinandersetzung mit den gesellschaftspolitischen Entwicklungen im Postkommunismus sowie deren Grundlagen und Ursachen im Sowjetkommunismus. Zeichnung, Malerei und Fotografie bestimmen dabei ebenso sein \u0152uvre wie Objekte, Skulpturen und Installationen. Der K\u00fcnstler erweist sich als sensibler und zugleich kritischer Beobachter und Interpret f\u00fcr &#8230;<\/p>\n","protected":false},"author":2,"featured_media":16079,"comment_status":"closed","ping_status":"closed","sticky":false,"template":"","format":"standard","meta":{"footnotes":""},"categories":[1],"tags":[],"aioseo_notices":[],"_links":{"self":[{"href":"http:\/\/www.kunstinvestor.at\/aktuell\/wp-json\/wp\/v2\/posts\/16076"}],"collection":[{"href":"http:\/\/www.kunstinvestor.at\/aktuell\/wp-json\/wp\/v2\/posts"}],"about":[{"href":"http:\/\/www.kunstinvestor.at\/aktuell\/wp-json\/wp\/v2\/types\/post"}],"author":[{"embeddable":true,"href":"http:\/\/www.kunstinvestor.at\/aktuell\/wp-json\/wp\/v2\/users\/2"}],"replies":[{"embeddable":true,"href":"http:\/\/www.kunstinvestor.at\/aktuell\/wp-json\/wp\/v2\/comments?post=16076"}],"version-history":[{"count":2,"href":"http:\/\/www.kunstinvestor.at\/aktuell\/wp-json\/wp\/v2\/posts\/16076\/revisions"}],"predecessor-version":[{"id":16080,"href":"http:\/\/www.kunstinvestor.at\/aktuell\/wp-json\/wp\/v2\/posts\/16076\/revisions\/16080"}],"wp:featuredmedia":[{"embeddable":true,"href":"http:\/\/www.kunstinvestor.at\/aktuell\/wp-json\/wp\/v2\/media\/16079"}],"wp:attachment":[{"href":"http:\/\/www.kunstinvestor.at\/aktuell\/wp-json\/wp\/v2\/media?parent=16076"}],"wp:term":[{"taxonomy":"category","embeddable":true,"href":"http:\/\/www.kunstinvestor.at\/aktuell\/wp-json\/wp\/v2\/categories?post=16076"},{"taxonomy":"post_tag","embeddable":true,"href":"http:\/\/www.kunstinvestor.at\/aktuell\/wp-json\/wp\/v2\/tags?post=16076"}],"curies":[{"name":"wp","href":"https:\/\/api.w.org\/{rel}","templated":true}]}}